{"id":1629,"date":"2022-11-10T14:10:00","date_gmt":"2022-11-10T14:10:00","guid":{"rendered":"https:\/\/bumbeelabs.com\/?p=1629"},"modified":"2026-03-11T10:41:55","modified_gmt":"2026-03-11T10:41:55","slug":"bumbee-labs-utser-ny-verkstallande-direktor","status":"publish","type":"post","link":"https:\/\/bumbeelabs.com\/sv\/bumbee-labs-appoints-new-ceo\/","title":{"rendered":"Bumbee Labs utser ny VD"},"content":{"rendered":"<h3 class=\"wp-block-heading\">Styrelsen \u00e4r glad att kunna meddela att Magnus Johansson, tidigare VD f\u00f6r COOP Sverige, kommer att ta \u00f6ver som VD f\u00f6r Bumbee Labs.&nbsp;<\/h3>\n\n\n\n<p>\u201cMagnus kommer att vara en viktig drivkraft f\u00f6r bolaget i v\u00e5r kommande tillv\u00e4xtfas\u201d, s\u00e4ger styrelseordf\u00f6rande Eirik Lunde. \u201cHans l\u00e5nga erfarenhet och n\u00e4tverk inom detaljhandeln, i kombination med hans ledarskap och f\u00f6rm\u00e5ga att bygga team, g\u00f6r honom till en perfekt match f\u00f6r Bumbee Labs\u201d.<\/p>\n\n\n\n<p>Magnus l\u00e4mnade COOP Sverige tidigare i \u00e5r, efter fem framg\u00e5ngsrika \u00e5r med att leda detaljhandelskedjan genom en digitaliseringsprocess. \u201cJag \u00e4r verkligen entusiastisk \u00f6ver intelligensen i produkten som g\u00f6r att vi kan leverera ov\u00e4rderlig kunskap och KPI:er till f\u00f6retag och organisationer som str\u00e4var efter att driva tillv\u00e4xt, vinster och kundn\u00f6jdhet. Det h\u00e4r kan verkligen f\u00f6r\u00e4ndra spelplanen i branschen och s\u00e4tta en ny branschstandard.\u201d<\/p>\n\n\n\n<p>Om att byta tempo fr\u00e5n att leda ett stort f\u00f6retag med tusentals anst\u00e4llda s\u00e4ger han: \u201cMin erfarenhet under 2022 av att arbeta med sm\u00e5 tekniska startup-f\u00f6retag, d\u00e4r mycket motiverade, skickliga och ofta unga m\u00e4nniskor i mindre team bygger f\u00f6retag och med h\u00f6g hastighet l\u00f6ser problem, har imponerat p\u00e5 mig. Bumbee Labs har gjort samma intryck p\u00e5 mig och jag ser fram emot att arbeta med teamet och ta f\u00f6retaget till n\u00e4sta niv\u00e5.\u201d<\/p>\n\n\n\n<p>Med stort fokus p\u00e5 detaljhandelskunder som en viktig k\u00e4lla till tillv\u00e4xt tillf\u00f6r rekryteringen av Magnus Johansson, med m\u00e5nga \u00e5rs erfarenhet av VD-positioner i stora svenska f\u00f6retag, inte bara generell ledarskapskompetens och erfarenhet utan \u00e4ven spetskunskap och insikter om detaljhandelsverksamhet.<\/p>\n\n\n\n<p><strong>Magnus kommer ocks\u00e5 att delta i kapitalanskaffningen som investerare.&nbsp;<\/strong><\/p>\n\n\n\n<p>\u201cDe enorma m\u00f6jligheterna med produkten och den sp\u00e4nnande resa som Bumbee Labs kommer att p\u00e5b\u00f6rja samtidigt som jag fick m\u00f6jlighet att g\u00e5 in som investerare gjorde att jag hade ett enkelt val att acceptera positionen som VD f\u00f6r bolaget<em>.\u201d<\/em><\/p>\n\n\n\n<p>Bumbee Labs grundare Staffan Liljestrand s\u00e4ger: \u2019Magnus har verkligen imponerat p\u00e5 mig med sitt intelligenta t\u00e4nkande och sin stora f\u00f6rst\u00e5else f\u00f6r v\u00e5r produkt, och jag \u00e4r \u00f6vertygad om att hans energi och erfarenhet \u00e4r precis vad f\u00f6retaget beh\u00f6ver. Det \u00e4r uppenbart att han kommer att b\u00f6rja tillf\u00f6ra v\u00e4rde till f\u00f6retaget fr\u00e5n dag ett, och hans erfarenhet av detaljhandeln kommer att vara till stor hj\u00e4lp f\u00f6r oss n\u00e4r vi forts\u00e4tter att bygga f\u00f6retaget.\u201c<\/p>\n\n\n\n<blockquote class=\"wp-block-quote is-layout-flow wp-block-quote-is-layout-flow\">\n<p><\/p>\n<\/blockquote>\n\n\n\n<blockquote class=\"wp-block-quote is-layout-flow wp-block-quote-is-layout-flow\">\n<p><\/p>\n<\/blockquote>\n\n\n\n<blockquote class=\"wp-block-quote is-layout-flow wp-block-quote-is-layout-flow\">\n<p><\/p>\n<\/blockquote>\n\n\n\n<h3 class=\"wp-block-heading\"><strong>Om Bumbee Labs<\/strong><\/h3>\n\n\n\n<p>Bumbee Labs \u00e4r v\u00e4rldsledande inom data och analys av fotfall. Data om bes\u00f6karfl\u00f6den samlas in anonymt med hj\u00e4lp av Wi-Fi-signaler i smarta mobiltelefoner. Metoden \u00e4r unik genom att vara det enda GDPR-kompatibla f\u00f6retaget i datainsamlingsbranschen med ett godk\u00e4nnande av en europeisk domstol. Bumbee Labs arbetar med partners \u00f6ver hela v\u00e4rlden f\u00f6r att tillhandah\u00e5lla data f\u00f6r kollektivtrafik, gallerior, k\u00f6pcentrum, kontor, detaljhandel och stadsk\u00e4rnor. Bumbee Labs grundades 2011 i Stockholm, Sverige. L\u00e4s mer p\u00e5&nbsp;<a href=\"https:\/\/bumbeelabs.com\/sv\/\" target=\"_blank\" rel=\"noopener noreferrer nofollow\">www.bumbeelabs.com<\/a>. F\u00f6lj oss p\u00e5&nbsp;<a href=\"https:\/\/www.linkedin.com\/company\/6381617\/admin\/\" target=\"_blank\" rel=\"noreferrer noopener\">LinkedIn<\/a>.<\/p>\n\n\n\n<figure class=\"wp-block-image size-large\"><img fetchpriority=\"high\" decoding=\"async\" width=\"1024\" height=\"538\" src=\"http:\/\/bumbeelabs.com\/wp-content\/uploads\/2025\/12\/IMG_7344-scaled-e1655095690668-1-1024x538.jpg\" alt=\"\" class=\"wp-image-1609\" title=\"IMG_7344\" srcset=\"https:\/\/bumbeelabs.com\/wp-content\/uploads\/2025\/12\/IMG_7344-scaled-e1655095690668-1-1024x538.jpg 1024w, https:\/\/bumbeelabs.com\/wp-content\/uploads\/2025\/12\/IMG_7344-scaled-e1655095690668-1-300x158.jpg 300w, https:\/\/bumbeelabs.com\/wp-content\/uploads\/2025\/12\/IMG_7344-scaled-e1655095690668-1-768x403.jpg 768w, https:\/\/bumbeelabs.com\/wp-content\/uploads\/2025\/12\/IMG_7344-scaled-e1655095690668-1-1536x806.jpg 1536w, https:\/\/bumbeelabs.com\/wp-content\/uploads\/2025\/12\/IMG_7344-scaled-e1655095690668-1-2048x1075.jpg 2048w\" sizes=\"(max-width: 1024px) 100vw, 1024px\" \/><\/figure>\n\n\n\n<h4 class=\"wp-block-heading has-text-align-center\"><strong>F\u00f6r mer information, v\u00e4nligen kontakta:<\/strong><\/h4>\n\n\n\n<p class=\"has-text-align-center\"><strong>Bumbee Labs AB:<\/strong><\/p>\n\n\n\n<p class=\"has-text-align-center\">Staffan Liljestrand, grundare,&nbsp;<br><a href=\"mailto:karl.samuelsson@bumbeelabs.se\">staffan.liljestrand@bumbeelabs.se<\/a><\/p>\n\n\n\n<h4 class=\"wp-block-heading has-text-align-center\"><strong>F\u00f6r f\u00f6rs\u00e4ljning och samarbeten, v\u00e4nligen kontakta:&nbsp;<\/strong><\/h4>\n\n\n\n<p class=\"has-text-align-center\"><strong>Bumbee Labs AB:&nbsp;<\/strong><\/p>\n\n\n\n<p class=\"has-text-align-center\">Urban Emson, f\u00f6rs\u00e4ljningsdirekt\u00f6r,<br><a href=\"mailto:amanda.herzog@bumbeelabs.se\">urban.emson@bumbeelabs.se<\/a><\/p>\n\n\n\n<p><\/p>","protected":false},"excerpt":{"rendered":"<p>The board of Directors are happy to announce that&nbsp;Magnus Johansson, former CEO of COOP Sweden, will&nbsp;take over as CEO of Bumbee Labs.&nbsp; \u201cMagnus will be a key driver for the company in our coming growth phase\u201d, says chairman Eirik Lunde. \u201cHis vast experience and network within the retail industry, combined with his leadership and team-building [&hellip;]<\/p>\n","protected":false},"author":3,"featured_media":4067,"comment_status":"closed","ping_status":"closed","sticky":false,"template":"","format":"standard","meta":{"footnotes":""},"categories":[15],"tags":[],"class_list":["post-1629","post","type-post","status-publish","format-standard","has-post-thumbnail","hentry","category-news"],"_links":{"self":[{"href":"https:\/\/bumbeelabs.com\/sv\/wp-json\/wp\/v2\/posts\/1629","targetHints":{"allow":["GET"]}}],"collection":[{"href":"https:\/\/bumbeelabs.com\/sv\/wp-json\/wp\/v2\/posts"}],"about":[{"href":"https:\/\/bumbeelabs.com\/sv\/wp-json\/wp\/v2\/types\/post"}],"author":[{"embeddable":true,"href":"https:\/\/bumbeelabs.com\/sv\/wp-json\/wp\/v2\/users\/3"}],"replies":[{"embeddable":true,"href":"https:\/\/bumbeelabs.com\/sv\/wp-json\/wp\/v2\/comments?post=1629"}],"version-history":[{"count":2,"href":"https:\/\/bumbeelabs.com\/sv\/wp-json\/wp\/v2\/posts\/1629\/revisions"}],"predecessor-version":[{"id":1792,"href":"https:\/\/bumbeelabs.com\/sv\/wp-json\/wp\/v2\/posts\/1629\/revisions\/1792"}],"wp:featuredmedia":[{"embeddable":true,"href":"https:\/\/bumbeelabs.com\/sv\/wp-json\/wp\/v2\/media\/4067"}],"wp:attachment":[{"href":"https:\/\/bumbeelabs.com\/sv\/wp-json\/wp\/v2\/media?parent=1629"}],"wp:term":[{"taxonomy":"category","embeddable":true,"href":"https:\/\/bumbeelabs.com\/sv\/wp-json\/wp\/v2\/categories?post=1629"},{"taxonomy":"post_tag","embeddable":true,"href":"https:\/\/bumbeelabs.com\/sv\/wp-json\/wp\/v2\/tags?post=1629"}],"curies":[{"name":"wp","href":"https:\/\/api.w.org\/{rel}","templated":true}]}}