{"id":1614,"date":"2022-08-19T13:33:00","date_gmt":"2022-08-19T13:33:00","guid":{"rendered":"https:\/\/bumbeelabs.com\/?p=1614"},"modified":"2026-03-11T10:39:59","modified_gmt":"2026-03-11T10:39:59","slug":"wi-fi-varldskongress-europa-2022","status":"publish","type":"post","link":"https:\/\/bumbeelabs.com\/sv\/wi-fi-world-congress-europe-2022\/","title":{"rendered":"Wi-Fi World Congress Europa 2022\u00a0"},"content":{"rendered":"<p>Wi-Fi World Congress \u00e4r v\u00e4rldens fr\u00e4msta evenemang f\u00f6r Wi-Fi-branschen - och Bumbee Labs kommer att delta b\u00e5de som utst\u00e4llare och som huvudtalare! Forts\u00e4tt l\u00e4sa f\u00f6r att l\u00e4ra dig mer om evenemanget, vad Bumbee Labs kommer att erbjuda och hur du kan delta.<\/p>\n\n\n\n<h3 class=\"wp-block-heading\">Om evenemanget<\/h3>\n\n\n\n<p>Wi-Fi World Congress \u00e4r v\u00e4rldens enda konferens och utst\u00e4llning 100% som \u00e4r dedikerad till att visa upp och st\u00f6dja den globala Wi-Fi-industrin. Den 26-28 september samlar de v\u00e4rldens Wi-Fi-ledare under ett och samma tak f\u00f6r tre dagar med allt som r\u00f6r Wi-Fi i den fantastiska staden Stockholm, Sverige - med ett s\u00e4rskilt fokus p\u00e5 innovation och m\u00f6jligheter. Om du \u00e4r en del av Wi-Fi-branschen vill du inte missa detta!<\/p>\n\n\n\n<p>Temat f\u00f6r evenemanget \u00e4r det Wi-Fi-drivna smarta hemmet, Wi-Fi-utveckling och inte minst Wi-Fi f\u00f6r f\u00f6retag och operat\u00f6rer. Evenemangets tv\u00e5 dagar l\u00e5nga konferensprogram kompletteras av en stor utst\u00e4llning d\u00e4r du kan uppleva det b\u00e4sta inom Wi-Fi-l\u00f6sningar fr\u00e5n f\u00f6rsta hand. Se en lista \u00f6ver talarna h\u00e4r:&nbsp;<a href=\"https:\/\/wifinowglobal.com\/europe-2022\/\" target=\"_blank\" rel=\"noreferrer noopener\">https:\/\/wifinowglobal.com\/europe-2022\/<\/a><\/p>\n\n\n\n<p>Evenemanget kommer att omfatta minst ett socialt kv\u00e4llsevenemang - samt en m\u00f6jlighet att delta i ett urval av de mest popul\u00e4ra och branschledande Wi-Fi Academy Masterclasses och \u00e4r helt fritt fr\u00e5n restriktioner.<\/p>\n\n\n\n<h3 class=\"wp-block-heading\">Om det sociala evenemanget p\u00e5 kv\u00e4llen<\/h3>\n\n\n\n<p>Kv\u00e4llseventet kommer att h\u00e5llas p\u00e5 det ber\u00f6mda ABBA-museet i Stockholm. Museet \u00e4r ett interaktivt museum d\u00e4r du virtuellt kan prova ABBAs kostymer, sjunga, spela, mixa originalmusik och bli den femte medlemmen i ABBA genom att upptr\u00e4da p\u00e5 den stora scenen tillsammans med Bj\u00f6rn, Benny, Frida och Agnetha.<\/p>\n\n\n\n<h3 class=\"wp-block-heading\">Tr\u00e4ffa dina Wi-Fi-kollegor i en avslappnad och informell atmosf\u00e4r!<\/h3>\n\n\n\n<p><\/p>\n\n\n\n<p>Alla som har k\u00f6pt en WWC 2022-biljett \u00e4r v\u00e4lkomna att delta i ABBAs sociala kv\u00e4llsevent p\u00e5 det ikoniska och legendariska ABBA The Museum i Stockholm den 27 september kl. 18.00-22.00 - d\u00e4r du ocks\u00e5 kommer att tr\u00e4ffa alla andra fantastiska m\u00e4nniskor som deltar i WWC Europe-konferensen f\u00f6r drinkar och en VIP-tur p\u00e5 museet.<\/p>\n\n\n\n<p><\/p>\n\n\n\n<figure class=\"wp-block-image\"><a href=\"https:\/\/bumbeelabs.com\/wp-content\/uploads\/2022\/08\/IMG_1356.jpg\"><img decoding=\"async\" src=\"https:\/\/bumbeelabs.com\/wp-content\/uploads\/2022\/08\/IMG_1356.jpg\" alt=\"\" class=\"wp-image-233446\"\/><\/a><\/figure>\n\n\n\n<p><a href=\"https:\/\/bumbeelabs.com\/sv\/2022\/08\/19\/wi-fi-world-congress-europe-2022-%ef%bf%bc\/\"><\/a><a href=\"https:\/\/bumbeelabs.com\/sv\/2022\/08\/19\/wi-fi-world-congress-europe-2022-%ef%bf%bc\/\"><\/a><\/p>\n\n\n\n<div class=\"wp-block-group custom-anchor-link has-background is-layout-constrained wp-container-core-group-is-layout-3a02abfb wp-block-group-is-layout-constrained\" style=\"background-color:#f57e2a;padding-top:20px;padding-right:20px;padding-bottom:20px;padding-left:20px\">\n<p class=\"has-text-align-center has-white-color has-text-color has-link-color wp-elements-388c8fb4448c3a7b676f50f7948351a5\">Mer information finns h\u00e4r:&nbsp;<a href=\"https:\/\/wifinowglobal.com\/abba-social-evening-event-sept-27\/\" target=\"_blank\" rel=\"noreferrer noopener\">https:\/\/wifinowglobal.com\/abba-social-evening-event-sept-27\/<\/a><\/p>\n\n\n\n<p class=\"has-text-align-center has-white-color has-text-color has-link-color wp-elements-f4ecb3b5cbc8649b43ad29d25d3a0838\">F\u00f6r biljetter till sj\u00e4lva kongressen&nbsp;<a href=\"https:\/\/www.eventbrite.co.uk\/e\/wi-fi-world-congress-2022-europe-stockholm-sweden-tickets-249178207727\" target=\"_blank\" rel=\"noreferrer noopener\">Klicka h\u00e4r<\/a>.<\/p>\n\n\n\n<p class=\"has-text-align-center has-white-color has-text-color has-link-color wp-elements-46971816c7df161f10af94c107c2962a\">Hitta listan \u00f6ver sponsorer och utst\u00e4llare&nbsp;<a href=\"https:\/\/wifinowglobal.com\/europe-2022\/sponsors\/%20\" target=\"_blank\" rel=\"noreferrer noopener\">h\u00e4r<\/a>.<\/p>\n\n\n\n<p class=\"has-text-align-center has-white-color has-text-color has-link-color wp-elements-f4f55b2a5b0073c947bc9683784bf400\">Hitta programmet f\u00f6r evenemanget&nbsp;<a href=\"https:\/\/wifinowglobal.com\/europe-2022\/%20\" target=\"_blank\" rel=\"noreferrer noopener\">h\u00e4r<\/a>.<\/p>\n\n\n\n<p class=\"has-text-align-center has-white-color has-text-color has-link-color wp-elements-f88813380cdbf8b35aabbda3531b576b\">K\u00f6p dina biljetter&nbsp;<a href=\"https:\/\/www.eventbrite.co.uk\/e\/wi-fi-world-congress-2022-europe-stockholm-sweden-tickets-249178207727%20\" target=\"_blank\" rel=\"noreferrer noopener\">h\u00e4r<\/a>.<\/p>\n<\/div>\n\n\n\n<h3 class=\"wp-block-heading has-text-align-left\"><br>M\u00f6t Bumbee Labs team:<\/h3>\n\n\n\n<p><\/p>\n\n\n\n<p><\/p>\n\n\n\n<p>Kom och tr\u00e4ffa v\u00e5rt team personligen! Vi kommer att svara p\u00e5 fr\u00e5gor om de tj\u00e4nster vi erbjuder, till exempel hur v\u00e5ra tj\u00e4nster \u00e4r h\u00e5rdvaruagnostiska, hur v\u00e5ra instrumentpaneler ser ut, en titt p\u00e5 v\u00e5r onboardingprocess och alla andra br\u00e4nnande fr\u00e5gor som du har varit nyfiken p\u00e5 men inte har st\u00e4llt \u00e4nnu!<\/p>\n\n\n\n<p>Boka ett m\u00f6te med en av v\u00e5ra kundansvariga:<\/p>\n\n\n\n<p>o&nbsp;<a href=\"mailto:pedro.lundin@bumbeelabs.se\">Urban<\/a><br>o&nbsp;<a href=\"mailto:info@bumbeelabs.com\">Anji<\/a><\/p>\n\n\n\n<p>Skicka ett e-postmeddelande till oss p\u00e5&nbsp;<a href=\"mailto:info@bumbeelabs.com\">info@bumbeelabs.com<\/a>&nbsp;f\u00f6r att boka ett personligt m\u00f6te med en av v\u00e5ra key account managers.<\/p>\n\n\n\n<div class=\"wp-block-group post-image-center is-content-justification-center is-nowrap is-layout-flex wp-container-core-group-is-layout-23441af8 wp-block-group-is-layout-flex\">\n<figure class=\"wp-block-image size-large is-resized\"><img fetchpriority=\"high\" decoding=\"async\" width=\"770\" height=\"1024\" src=\"http:\/\/bumbeelabs.com\/wp-content\/uploads\/2022\/08\/BBL_Stockholm_Tech_Live_Event_Banner-16-1-1-770x1024.png\" alt=\"\" class=\"wp-image-1617\" style=\"width:300px\" title=\"BBL_Stockholm_Tech_Live_Event_Banner-16\" srcset=\"https:\/\/bumbeelabs.com\/wp-content\/uploads\/2022\/08\/BBL_Stockholm_Tech_Live_Event_Banner-16-1-1-770x1024.png 770w, https:\/\/bumbeelabs.com\/wp-content\/uploads\/2022\/08\/BBL_Stockholm_Tech_Live_Event_Banner-16-1-1-226x300.png 226w, https:\/\/bumbeelabs.com\/wp-content\/uploads\/2022\/08\/BBL_Stockholm_Tech_Live_Event_Banner-16-1-1-768x1021.png 768w, https:\/\/bumbeelabs.com\/wp-content\/uploads\/2022\/08\/BBL_Stockholm_Tech_Live_Event_Banner-16-1-1.png 927w\" sizes=\"(max-width: 770px) 100vw, 770px\" \/><\/figure>\n\n\n\n<figure class=\"wp-block-image size-large is-resized\"><img decoding=\"async\" width=\"754\" height=\"1024\" src=\"http:\/\/bumbeelabs.com\/wp-content\/uploads\/2022\/08\/BBL_Stockholm_Tech_Live_Event_Banner-04-1-1-754x1024.png\" alt=\"\" class=\"wp-image-1619\" style=\"width:302px\" title=\"BBL_Stockholm_Tech_Live_Event_Banner-04\" srcset=\"https:\/\/bumbeelabs.com\/wp-content\/uploads\/2022\/08\/BBL_Stockholm_Tech_Live_Event_Banner-04-1-1-754x1024.png 754w, https:\/\/bumbeelabs.com\/wp-content\/uploads\/2022\/08\/BBL_Stockholm_Tech_Live_Event_Banner-04-1-1-221x300.png 221w, https:\/\/bumbeelabs.com\/wp-content\/uploads\/2022\/08\/BBL_Stockholm_Tech_Live_Event_Banner-04-1-1-768x1044.png 768w, https:\/\/bumbeelabs.com\/wp-content\/uploads\/2022\/08\/BBL_Stockholm_Tech_Live_Event_Banner-04-1-1-1130x1536.png 1130w, https:\/\/bumbeelabs.com\/wp-content\/uploads\/2022\/08\/BBL_Stockholm_Tech_Live_Event_Banner-04-1-1-1507x2048.png 1507w, https:\/\/bumbeelabs.com\/wp-content\/uploads\/2022\/08\/BBL_Stockholm_Tech_Live_Event_Banner-04-1-1-scaled.png 1884w\" sizes=\"(max-width: 754px) 100vw, 754px\" \/><\/figure>\n<\/div>\n\n\n\n<div class=\"wp-block-group post-image-center is-content-justification-center is-nowrap is-layout-flex wp-container-core-group-is-layout-23441af8 wp-block-group-is-layout-flex\">\n<div class=\"wp-block-group date-time-blog-content is-layout-constrained wp-block-group-is-layout-constrained\">\n<h3 class=\"wp-block-heading\">Plats<\/h3>\n\n\n\n<p><a href=\"https:\/\/g.page\/hotelbirgerjarl?share\" target=\"_blank\" rel=\"noopener noreferrer nofollow\">Hotell Birger Jarl<\/a><br><a href=\"https:\/\/g.page\/hotelbirgerjarl?share\" target=\"_blank\" rel=\"noopener noreferrer nofollow\">Tulegatan 8<\/a><br><a href=\"https:\/\/g.page\/hotelbirgerjarl?share\" target=\"_blank\" rel=\"noopener noreferrer nofollow\">113 53 Stockholm<\/a><\/p>\n<\/div>\n\n\n\n<div class=\"wp-block-group date-time-blog-content is-layout-constrained wp-block-group-is-layout-constrained\">\n<h3 class=\"wp-block-heading\">Datum och tid<\/h3>\n\n\n\n<p>m\u00e5n, 26 sep 2022, 08:50 -<br>Ons, 28 Sep 2022, 17:00 CEST<\/p>\n<\/div>\n<\/div>","protected":false},"excerpt":{"rendered":"<p>The Wi-Fi World Congress is the world\u2019s premier Wi-Fi industry event \u2013 and Bumbee Labs will be attending as participants in the exhibition as well as a keynote speakers! Continue reading to learn more about the event, what Bumbee Labs will be offering, and how to attend. About the event The Wi-Fi World Congress are [&hellip;]<\/p>\n","protected":false},"author":3,"featured_media":1615,"comment_status":"closed","ping_status":"closed","sticky":false,"template":"","format":"standard","meta":{"footnotes":""},"categories":[15],"tags":[],"class_list":["post-1614","post","type-post","status-publish","format-standard","has-post-thumbnail","hentry","category-news"],"_links":{"self":[{"href":"https:\/\/bumbeelabs.com\/sv\/wp-json\/wp\/v2\/posts\/1614","targetHints":{"allow":["GET"]}}],"collection":[{"href":"https:\/\/bumbeelabs.com\/sv\/wp-json\/wp\/v2\/posts"}],"about":[{"href":"https:\/\/bumbeelabs.com\/sv\/wp-json\/wp\/v2\/types\/post"}],"author":[{"embeddable":true,"href":"https:\/\/bumbeelabs.com\/sv\/wp-json\/wp\/v2\/users\/3"}],"replies":[{"embeddable":true,"href":"https:\/\/bumbeelabs.com\/sv\/wp-json\/wp\/v2\/comments?post=1614"}],"version-history":[{"count":13,"href":"https:\/\/bumbeelabs.com\/sv\/wp-json\/wp\/v2\/posts\/1614\/revisions"}],"predecessor-version":[{"id":1814,"href":"https:\/\/bumbeelabs.com\/sv\/wp-json\/wp\/v2\/posts\/1614\/revisions\/1814"}],"wp:featuredmedia":[{"embeddable":true,"href":"https:\/\/bumbeelabs.com\/sv\/wp-json\/wp\/v2\/media\/1615"}],"wp:attachment":[{"href":"https:\/\/bumbeelabs.com\/sv\/wp-json\/wp\/v2\/media?parent=1614"}],"wp:term":[{"taxonomy":"category","embeddable":true,"href":"https:\/\/bumbeelabs.com\/sv\/wp-json\/wp\/v2\/categories?post=1614"},{"taxonomy":"post_tag","embeddable":true,"href":"https:\/\/bumbeelabs.com\/sv\/wp-json\/wp\/v2\/tags?post=1614"}],"curies":[{"name":"wp","href":"https:\/\/api.w.org\/{rel}","templated":true}]}}