{"id":1602,"date":"2022-06-08T13:01:00","date_gmt":"2022-06-08T13:01:00","guid":{"rendered":"https:\/\/bumbeelabs.com\/?p=1602"},"modified":"2026-03-11T10:39:45","modified_gmt":"2026-03-11T10:39:45","slug":"kista-mobilitetsdag","status":"publish","type":"post","link":"https:\/\/bumbeelabs.com\/sv\/kista-mobility-day\/","title":{"rendered":"Kista Mobilitetsdag"},"content":{"rendered":"<p>Torsdagen den 9 juni 2022 kommer Bumbee Labs att st\u00e4lla ut p\u00e5 Kista Mobility Day. Eventet arrangeras av Kista Science Data, som arbetar f\u00f6r att skapa en h\u00e5llbar framtid med hj\u00e4lp av teknik. De arbetar med innovativa f\u00f6retag, akademin, myndigheter och medborgare.<\/p>\n\n\n\n<p>P\u00e5 Kista Mobility Day kommer vi att visualisera nya l\u00f6sningar som finns tillg\u00e4ngliga redan idag och som snart kommer att rulla p\u00e5 v\u00e5ra gator, tekniska innovationer som v\u00e4ntar p\u00e5 att f\u00e5 utrymme och nya samarbeten som kommer att p\u00e5skynda implementeringen av nya innovationer.<\/p>\n\n\n\n<p>V\u00e5r grundare Staffan Liljestrand kommer att vara en av presentat\u00f6rerna i Project SMART-t\u00e4ltet och tala om framtidens mobilitet och hur Bumbee Labs kommer att bidra till detta projekt. Ytterligare f\u00f6retag som presenterar med oss inkluderar flera av v\u00e5ra partners och andra g\u00e4stf\u00f6retag TRE, Ramboll, RISE och Savantic.<\/p>\n\n\n\n<h3 class=\"wp-block-heading\">Du kan \u00e4ven tr\u00e4ffa tv\u00e5 av v\u00e5ra Key Account Managers som kan svara p\u00e5 alla fr\u00e5gor om Bumbee Labs, vad v\u00e5rt uppdrag \u00e4r, hur vi arbetar och hur du kan bli en partner!<\/h3>\n\n\n\n<figure class=\"wp-block-image size-full\"><img fetchpriority=\"high\" decoding=\"async\" width=\"517\" height=\"399\" src=\"http:\/\/bumbeelabs.com\/wp-content\/uploads\/2025\/12\/image002.png\" alt=\"\" class=\"wp-image-1604\" title=\"BBL_Stockholm_Tech_Live_Event_Banner-04\" srcset=\"https:\/\/bumbeelabs.com\/wp-content\/uploads\/2025\/12\/image002.png 517w, https:\/\/bumbeelabs.com\/wp-content\/uploads\/2025\/12\/image002-300x232.png 300w\" sizes=\"(max-width: 517px) 100vw, 517px\" \/><\/figure>\n\n\n\n<h3 class=\"wp-block-heading\">Hur du deltar<\/h3>\n\n\n\n<p>Detta evenemang \u00e4r GRATIS och kommer att h\u00e5llas utomhus. Bumbee Labs kommer att finnas i samma t\u00e4lt som Project SMART och Kista Science City.<\/p>\n\n\n\n<p>Det finns&nbsp;<a href=\"https:\/\/eur01.safelinks.protection.outlook.com\/?url=https%3A%2F%2Fbreakfast-at-kista-mobility-day.confetti.events%2F&amp;data=05%7C01%7Cpetra.dalunde%40kista.com%7C9dabf78ea6674ea31c9408da43509649%7Cf482e803ebcc46ce8971a61020804d8a%7C0%7C0%7C637896310639533015%7CUnknown%7CTWFpbGZsb3d8eyJWIjoiMC4wLjAwMDAiLCJQIjoiV2luMzIiLCJBTiI6Ik1haWwiLCJXVCI6Mn0%3D%7C3000%7C%7C%7C&amp;sdata=4%2B%2FhHeYeyXe4IyRvtmvqTMGGED%2FPXKsIEgjLjQmeQqY%3D&amp;reserved=0\" target=\"_blank\" rel=\"noreferrer noopener\">en frukost f\u00f6re f\u00f6rest\u00e4llningen<\/a>&nbsp;som kommer att \u00e4ga rum kl. 8.30 i Ericsson Imagine Studio,&nbsp;<a href=\"https:\/\/eur01.safelinks.protection.outlook.com\/?url=https%3A%2F%2Fgoo.gl%2Fmaps%2Fc3qs6wNrrh6Td6uB9&amp;data=05%7C01%7Cpetra.dalunde%40kista.com%7C9dabf78ea6674ea31c9408da43509649%7Cf482e803ebcc46ce8971a61020804d8a%7C0%7C0%7C637896310639533015%7CUnknown%7CTWFpbGZsb3d8eyJWIjoiMC4wLjAwMDAiLCJQIjoiV2luMzIiLCJBTiI6Ik1haWwiLCJXVCI6Mn0%3D%7C3000%7C%7C%7C&amp;sdata=9QW7oLHt6%2BscLXL6q4vpVBkq2NcUOP0vJCSAgS0wGAk%3D&amp;reserved=0\" target=\"_blank\" rel=\"noreferrer noopener\">Gr\u00f6nlandsgatan 8, Kista<\/a>. Av praktiska sk\u00e4l, v\u00e4nligen&nbsp;<a href=\"https:\/\/eur01.safelinks.protection.outlook.com\/?url=https%3A%2F%2Fbreakfast-at-kista-mobility-day.confetti.events%2F&amp;data=05%7C01%7Cpetra.dalunde%40kista.com%7C9dabf78ea6674ea31c9408da43509649%7Cf482e803ebcc46ce8971a61020804d8a%7C0%7C0%7C637896310639533015%7CUnknown%7CTWFpbGZsb3d8eyJWIjoiMC4wLjAwMDAiLCJQIjoiV2luMzIiLCJBTiI6Ik1haWwiLCJXVCI6Mn0%3D%7C3000%7C%7C%7C&amp;sdata=4%2B%2FhHeYeyXe4IyRvtmvqTMGGED%2FPXKsIEgjLjQmeQqY%3D&amp;reserved=0\" target=\"_blank\" rel=\"noreferrer noopener\">Registrera<\/a>&nbsp;om du planerar att delta.<\/p>\n\n\n\n<h3 class=\"wp-block-heading\"><br>Tid &amp; plats<\/h3>\n\n\n\n<p>Utst\u00e4llningen kommer att vara \u00f6ppen 11.00-14.00 p\u00e5&nbsp;<strong>Kista Science City, Gr\u00f6nlandsgatan, 164 40 Stockholm.<\/strong><\/p>\n\n\n\n<p>Klockan 15.00 \u00e4r det AW p\u00e5 Hub (\u00e4ven i Gr\u00f6nlandsparken).<\/p>\n\n\n\n<p>Ett utm\u00e4rkt tillf\u00e4lle att tr\u00e4ffa b\u00e5de nya och gamla v\u00e4nner.<\/p>\n\n\n\n<h3 class=\"wp-block-heading\"><br>Dagordning<\/h3>\n\n\n\n<p>F\u00f6r en fullst\u00e4ndig agenda \u00f6ver alla seminarier och aktiviteter under dagen, v\u00e4nligen&nbsp;<a href=\"https:\/\/eur01.safelinks.protection.outlook.com\/?url=https%3A%2F%2Fkista-mobility-day.confetti.events%2F&amp;data=05%7C01%7Cpetra.dalunde%40kista.com%7C9dabf78ea6674ea31c9408da43509649%7Cf482e803ebcc46ce8971a61020804d8a%7C0%7C0%7C637896310639533015%7CUnknown%7CTWFpbGZsb3d8eyJWIjoiMC4wLjAwMDAiLCJQIjoiV2luMzIiLCJBTiI6Ik1haWwiLCJXVCI6Mn0%3D%7C3000%7C%7C%7C&amp;sdata=LSijrR8vzShKdWQWQ5klMW4JYWIhqVT02Toi0IfDtgI%3D&amp;reserved=0\" target=\"_blank\" rel=\"noreferrer noopener\">kolla in schuedule.<\/a><\/p>\n\n\n\n<p>Du kan ocks\u00e5 f\u00e5 veta mer genom att bes\u00f6ka webbplatsen direkt:&nbsp;<a href=\"https:\/\/kista-mobility-day.confetti.events\/\" target=\"_blank\" rel=\"noreferrer noopener\">https:\/\/kista-mobility-day.confetti.events\/<\/a>.<br><\/p>\n\n\n\n<h2 class=\"wp-block-heading has-text-align-center\"><br><br>Vi hoppas f\u00e5 se dig d\u00e4r!<\/h2>\n\n\n\n<p class=\"has-text-align-center\">Om du har n\u00e5gra fr\u00e5gor, mejla oss p\u00e5&nbsp;<a href=\"mailto:info@bumbeelabs.com\">info@bumbeelabs.com<\/a><\/p>\n\n\n\n<p><\/p>","protected":false},"excerpt":{"rendered":"<p>On Thursday June 9th, 2022 Bumbee Labs will be exhibiting at the Kista Mobility Day. The event is hosted by Kista Science Data, who work to create a sustainable future with the help of technology. They work with innovative companies, academia, authorities and citizens. At Kista Mobility Day, we will visualize new solutions available already [&hellip;]<\/p>\n","protected":false},"author":3,"featured_media":1603,"comment_status":"closed","ping_status":"closed","sticky":false,"template":"","format":"standard","meta":{"footnotes":""},"categories":[15],"tags":[],"class_list":["post-1602","post","type-post","status-publish","format-standard","has-post-thumbnail","hentry","category-news"],"_links":{"self":[{"href":"https:\/\/bumbeelabs.com\/sv\/wp-json\/wp\/v2\/posts\/1602","targetHints":{"allow":["GET"]}}],"collection":[{"href":"https:\/\/bumbeelabs.com\/sv\/wp-json\/wp\/v2\/posts"}],"about":[{"href":"https:\/\/bumbeelabs.com\/sv\/wp-json\/wp\/v2\/types\/post"}],"author":[{"embeddable":true,"href":"https:\/\/bumbeelabs.com\/sv\/wp-json\/wp\/v2\/users\/3"}],"replies":[{"embeddable":true,"href":"https:\/\/bumbeelabs.com\/sv\/wp-json\/wp\/v2\/comments?post=1602"}],"version-history":[{"count":3,"href":"https:\/\/bumbeelabs.com\/sv\/wp-json\/wp\/v2\/posts\/1602\/revisions"}],"predecessor-version":[{"id":1821,"href":"https:\/\/bumbeelabs.com\/sv\/wp-json\/wp\/v2\/posts\/1602\/revisions\/1821"}],"wp:featuredmedia":[{"embeddable":true,"href":"https:\/\/bumbeelabs.com\/sv\/wp-json\/wp\/v2\/media\/1603"}],"wp:attachment":[{"href":"https:\/\/bumbeelabs.com\/sv\/wp-json\/wp\/v2\/media?parent=1602"}],"wp:term":[{"taxonomy":"category","embeddable":true,"href":"https:\/\/bumbeelabs.com\/sv\/wp-json\/wp\/v2\/categories?post=1602"},{"taxonomy":"post_tag","embeddable":true,"href":"https:\/\/bumbeelabs.com\/sv\/wp-json\/wp\/v2\/tags?post=1602"}],"curies":[{"name":"wp","href":"https:\/\/api.w.org\/{rel}","templated":true}]}}