{"id":1614,"date":"2022-08-19T13:33:00","date_gmt":"2022-08-19T13:33:00","guid":{"rendered":"https:\/\/bumbeelabs.com\/?p=1614"},"modified":"2026-03-11T10:39:59","modified_gmt":"2026-03-11T10:39:59","slug":"swiatowy-kongres-wi-fi-europa-2022","status":"publish","type":"post","link":"https:\/\/bumbeelabs.com\/pl\/wi-fi-world-congress-europe-2022\/","title":{"rendered":"Wi-Fi World Congress Europe 2022\u00a0"},"content":{"rendered":"<p>Wi-Fi World Congress to najwa\u017cniejsze wydarzenie bran\u017cy Wi-Fi na \u015bwiecie - a Bumbee Labs we\u017amie w nim udzia\u0142 jako uczestnik wystawy, a tak\u017ce jako g\u0142\u00f3wny m\u00f3wca! Czytaj dalej, aby dowiedzie\u0107 si\u0119 wi\u0119cej o tym wydarzeniu, co Bumbee Labs b\u0119dzie oferowa\u0107 i jak wzi\u0105\u0107 w nim udzia\u0142.<\/p>\n\n\n\n<h3 class=\"wp-block-heading\">Informacje o wydarzeniu<\/h3>\n\n\n\n<p>Wi-Fi World Congress to jedyna na \u015bwiecie konferencja i wystawa 100% po\u015bwi\u0119cona prezentacji i wspieraniu globalnej bran\u017cy Wi-Fi. W dniach 26-28 wrze\u015bnia \u015bwiatowi liderzy Wi-Fi spotkaj\u0105 si\u0119 pod jednym dachem na trzy dni wszystkich rzeczy zwi\u0105zanych z Wi-Fi we wspania\u0142ym Sztokholmie w Szwecji - ze szczeg\u00f3lnym naciskiem na innowacje i mo\u017cliwo\u015bci. Je\u015bli jeste\u015b cz\u0119\u015bci\u0105 bran\u017cy Wi-Fi, nie chcesz tego przegapi\u0107!<\/p>\n\n\n\n<p>Tematem przewodnim wydarzenia jest inteligentny dom oparty na Wi-Fi, ewolucja Wi-Fi, a tak\u017ce Wi-Fi dla przedsi\u0119biorstw i operator\u00f3w. Uzupe\u0142nieniem dwudniowego programu konferencji b\u0119dzie g\u0142\u00f3wna wystawa, na kt\u00f3rej b\u0119dzie mo\u017cna osobi\u015bcie zapozna\u0107 si\u0119 z najlepszymi rozwi\u0105zaniami Wi-Fi. Lista prelegent\u00f3w znajduje si\u0119 tutaj:&nbsp;<a href=\"https:\/\/wifinowglobal.com\/europe-2022\/\" target=\"_blank\" rel=\"noreferrer noopener\">https:\/\/wifinowglobal.com\/europe-2022\/<\/a><\/p>\n\n\n\n<p>Wydarzenie obejmie co najmniej jedno wieczorne wydarzenie towarzyskie - a tak\u017ce mo\u017cliwo\u015b\u0107 do\u0142\u0105czenia do wybranych najpopularniejszych i wiod\u0105cych w bran\u017cy kurs\u00f3w mistrzowskich Wi-Fi Academy i jest ca\u0142kowicie wolne od ogranicze\u0144.<\/p>\n\n\n\n<h3 class=\"wp-block-heading\">Informacje o wieczornym wydarzeniu towarzyskim<\/h3>\n\n\n\n<p>Wieczorne wydarzenie odb\u0119dzie si\u0119 w s\u0142ynnym Muzeum ABBA w Sztokholmie. Muzeum jest interaktywnym muzeum, w kt\u00f3rym mo\u017cna wirtualnie przymierzy\u0107 kostiumy ABBA, \u015bpiewa\u0107, gra\u0107, miksowa\u0107 oryginaln\u0105 muzyk\u0119 i zosta\u0107 pi\u0105tym cz\u0142onkiem ABBA, wyst\u0119puj\u0105c na du\u017cej scenie razem z Bj\u00f6rnem, Bennym, Frid\u0105 i Agneth\u0105.<\/p>\n\n\n\n<h3 class=\"wp-block-heading\">Poznaj swoich r\u00f3wie\u015bnik\u00f3w Wi-Fi w swobodnej i nieformalnej atmosferze!<\/h3>\n\n\n\n<p><\/p>\n\n\n\n<p>Ka\u017cdy, kto ma zakupiony bilet na WWC 2022, mo\u017ce do\u0142\u0105czy\u0107 do wieczornego wydarzenia towarzyskiego ABBA w kultowym i legendarnym ABBA The Museum w Sztokholmie 27 wrze\u015bnia w godzinach 18:00-22:00 - gdzie spotkasz tak\u017ce wszystkich innych wspania\u0142ych ludzi bior\u0105cych udzia\u0142 w konferencji WWC Europe na drinkach i wycieczce VIP po muzeum.<\/p>\n\n\n\n<p><\/p>\n\n\n\n<figure class=\"wp-block-image\"><a href=\"https:\/\/bumbeelabs.com\/wp-content\/uploads\/2022\/08\/IMG_1356.jpg\"><img decoding=\"async\" src=\"https:\/\/bumbeelabs.com\/wp-content\/uploads\/2022\/08\/IMG_1356.jpg\" alt=\"\" class=\"wp-image-233446\"\/><\/a><\/figure>\n\n\n\n<p><a href=\"https:\/\/bumbeelabs.com\/pl\/2022\/08\/19\/wi-fi-world-congress-europe-2022-%ef%bf%bc\/\"><\/a><a href=\"https:\/\/bumbeelabs.com\/pl\/2022\/08\/19\/wi-fi-world-congress-europe-2022-%ef%bf%bc\/\"><\/a><\/p>\n\n\n\n<div class=\"wp-block-group custom-anchor-link has-background is-layout-constrained wp-container-core-group-is-layout-3a02abfb wp-block-group-is-layout-constrained\" style=\"background-color:#f57e2a;padding-top:20px;padding-right:20px;padding-bottom:20px;padding-left:20px\">\n<p class=\"has-text-align-center has-white-color has-text-color has-link-color wp-elements-388c8fb4448c3a7b676f50f7948351a5\">Wi\u0119cej informacji tutaj:&nbsp;<a href=\"https:\/\/wifinowglobal.com\/abba-social-evening-event-sept-27\/\" target=\"_blank\" rel=\"noreferrer noopener\">https:\/\/wifinowglobal.com\/abba-social-evening-event-sept-27\/<\/a><\/p>\n\n\n\n<p class=\"has-text-align-center has-white-color has-text-color has-link-color wp-elements-f4ecb3b5cbc8649b43ad29d25d3a0838\">Bilety wst\u0119pu na sam kongres&nbsp;<a href=\"https:\/\/www.eventbrite.co.uk\/e\/wi-fi-world-congress-2022-europe-stockholm-sweden-tickets-249178207727\" target=\"_blank\" rel=\"noreferrer noopener\">kliknij tutaj<\/a>.<\/p>\n\n\n\n<p class=\"has-text-align-center has-white-color has-text-color has-link-color wp-elements-46971816c7df161f10af94c107c2962a\">Lista sponsor\u00f3w i wystawc\u00f3w&nbsp;<a href=\"https:\/\/wifinowglobal.com\/europe-2022\/sponsors\/%20\" target=\"_blank\" rel=\"noreferrer noopener\">tutaj<\/a>.<\/p>\n\n\n\n<p class=\"has-text-align-center has-white-color has-text-color has-link-color wp-elements-f4f55b2a5b0073c947bc9683784bf400\">Znajd\u017a program wydarzenia&nbsp;<a href=\"https:\/\/wifinowglobal.com\/europe-2022\/%20\" target=\"_blank\" rel=\"noreferrer noopener\">tutaj<\/a>.<\/p>\n\n\n\n<p class=\"has-text-align-center has-white-color has-text-color has-link-color wp-elements-f88813380cdbf8b35aabbda3531b576b\">Zakup bilet\u00f3w&nbsp;<a href=\"https:\/\/www.eventbrite.co.uk\/e\/wi-fi-world-congress-2022-europe-stockholm-sweden-tickets-249178207727%20\" target=\"_blank\" rel=\"noreferrer noopener\">tutaj<\/a>.<\/p>\n<\/div>\n\n\n\n<h3 class=\"wp-block-heading has-text-align-left\"><br>Poznaj zesp\u00f3\u0142 Bumbee Labs:<\/h3>\n\n\n\n<p><\/p>\n\n\n\n<p><\/p>\n\n\n\n<p>Przyjd\u017a i poznaj nasz zesp\u00f3\u0142 osobi\u015bcie! B\u0119dziemy odpowiada\u0107 na pytania dotycz\u0105ce oferowanych przez nas us\u0142ug, takich jak to, w jaki spos\u00f3b nasze us\u0142ugi s\u0105 niezale\u017cne od sprz\u0119tu, jak wygl\u0105daj\u0105 nasze pulpity nawigacyjne, spojrzenie na nasz proces wdra\u017cania i wszelkie inne pal\u0105ce pytania, kt\u00f3re Ci\u0119 interesuj\u0105, ale jeszcze ich nie zada\u0142e\u015b!<\/p>\n\n\n\n<p>Zarezerwuj spotkanie z jednym z naszych opiekun\u00f3w klienta:<\/p>\n\n\n\n<p>o&nbsp;<a href=\"mailto:pedro.lundin@bumbeelabs.se\">Miejski<\/a><br>o&nbsp;<a href=\"mailto:info@bumbeelabs.com\">Anji<\/a><\/p>\n\n\n\n<p>Wy\u015blij nam wiadomo\u015b\u0107 e-mail na adres&nbsp;<a href=\"mailto:info@bumbeelabs.com\">info@bumbeelabs.com<\/a>&nbsp;aby um\u00f3wi\u0107 si\u0119 na osobiste spotkanie z jednym z naszych mened\u017cer\u00f3w ds. kluczowych klient\u00f3w.<\/p>\n\n\n\n<div class=\"wp-block-group post-image-center is-content-justification-center is-nowrap is-layout-flex wp-container-core-group-is-layout-23441af8 wp-block-group-is-layout-flex\">\n<figure class=\"wp-block-image size-large is-resized\"><img fetchpriority=\"high\" decoding=\"async\" width=\"770\" height=\"1024\" src=\"http:\/\/bumbeelabs.com\/wp-content\/uploads\/2022\/08\/BBL_Stockholm_Tech_Live_Event_Banner-16-1-1-770x1024.png\" alt=\"\" class=\"wp-image-1617\" style=\"width:300px\" title=\"BBL_Stockholm_Tech_Live_Event_Banner-16\" srcset=\"https:\/\/bumbeelabs.com\/wp-content\/uploads\/2022\/08\/BBL_Stockholm_Tech_Live_Event_Banner-16-1-1-770x1024.png 770w, https:\/\/bumbeelabs.com\/wp-content\/uploads\/2022\/08\/BBL_Stockholm_Tech_Live_Event_Banner-16-1-1-226x300.png 226w, https:\/\/bumbeelabs.com\/wp-content\/uploads\/2022\/08\/BBL_Stockholm_Tech_Live_Event_Banner-16-1-1-768x1021.png 768w, https:\/\/bumbeelabs.com\/wp-content\/uploads\/2022\/08\/BBL_Stockholm_Tech_Live_Event_Banner-16-1-1.png 927w\" sizes=\"(max-width: 770px) 100vw, 770px\" \/><\/figure>\n\n\n\n<figure class=\"wp-block-image size-large is-resized\"><img decoding=\"async\" width=\"754\" height=\"1024\" src=\"http:\/\/bumbeelabs.com\/wp-content\/uploads\/2022\/08\/BBL_Stockholm_Tech_Live_Event_Banner-04-1-1-754x1024.png\" alt=\"\" class=\"wp-image-1619\" style=\"width:302px\" title=\"BBL_Stockholm_Tech_Live_Event_Banner-04\" srcset=\"https:\/\/bumbeelabs.com\/wp-content\/uploads\/2022\/08\/BBL_Stockholm_Tech_Live_Event_Banner-04-1-1-754x1024.png 754w, https:\/\/bumbeelabs.com\/wp-content\/uploads\/2022\/08\/BBL_Stockholm_Tech_Live_Event_Banner-04-1-1-221x300.png 221w, https:\/\/bumbeelabs.com\/wp-content\/uploads\/2022\/08\/BBL_Stockholm_Tech_Live_Event_Banner-04-1-1-768x1044.png 768w, https:\/\/bumbeelabs.com\/wp-content\/uploads\/2022\/08\/BBL_Stockholm_Tech_Live_Event_Banner-04-1-1-1130x1536.png 1130w, https:\/\/bumbeelabs.com\/wp-content\/uploads\/2022\/08\/BBL_Stockholm_Tech_Live_Event_Banner-04-1-1-1507x2048.png 1507w, https:\/\/bumbeelabs.com\/wp-content\/uploads\/2022\/08\/BBL_Stockholm_Tech_Live_Event_Banner-04-1-1-scaled.png 1884w\" sizes=\"(max-width: 754px) 100vw, 754px\" \/><\/figure>\n<\/div>\n\n\n\n<div class=\"wp-block-group post-image-center is-content-justification-center is-nowrap is-layout-flex wp-container-core-group-is-layout-23441af8 wp-block-group-is-layout-flex\">\n<div class=\"wp-block-group date-time-blog-content is-layout-constrained wp-block-group-is-layout-constrained\">\n<h3 class=\"wp-block-heading\">Lokalizacja<\/h3>\n\n\n\n<p><a href=\"https:\/\/g.page\/hotelbirgerjarl?share\" target=\"_blank\" rel=\"noopener noreferrer nofollow\">Hotel Birger Jarl<\/a><br><a href=\"https:\/\/g.page\/hotelbirgerjarl?share\" target=\"_blank\" rel=\"noopener noreferrer nofollow\">Tulegatan 8<\/a><br><a href=\"https:\/\/g.page\/hotelbirgerjarl?share\" target=\"_blank\" rel=\"noopener noreferrer nofollow\">113 53 Sztokholm<\/a><\/p>\n<\/div>\n\n\n\n<div class=\"wp-block-group date-time-blog-content is-layout-constrained wp-block-group-is-layout-constrained\">\n<h3 class=\"wp-block-heading\">Data i godzina<\/h3>\n\n\n\n<p>poniedzia\u0142ek, 26 wrze\u015bnia 2022, 08:50 -<br>\u015aroda, 28 wrze\u015bnia 2022, 17:00 CEST<\/p>\n<\/div>\n<\/div>","protected":false},"excerpt":{"rendered":"<p>The Wi-Fi World Congress is the world\u2019s premier Wi-Fi industry event \u2013 and Bumbee Labs will be attending as participants in the exhibition as well as a keynote speakers! Continue reading to learn more about the event, what Bumbee Labs will be offering, and how to attend. About the event The Wi-Fi World Congress are [&hellip;]<\/p>\n","protected":false},"author":3,"featured_media":1615,"comment_status":"closed","ping_status":"closed","sticky":false,"template":"","format":"standard","meta":{"footnotes":""},"categories":[15],"tags":[],"class_list":["post-1614","post","type-post","status-publish","format-standard","has-post-thumbnail","hentry","category-news"],"_links":{"self":[{"href":"https:\/\/bumbeelabs.com\/pl\/wp-json\/wp\/v2\/posts\/1614","targetHints":{"allow":["GET"]}}],"collection":[{"href":"https:\/\/bumbeelabs.com\/pl\/wp-json\/wp\/v2\/posts"}],"about":[{"href":"https:\/\/bumbeelabs.com\/pl\/wp-json\/wp\/v2\/types\/post"}],"author":[{"embeddable":true,"href":"https:\/\/bumbeelabs.com\/pl\/wp-json\/wp\/v2\/users\/3"}],"replies":[{"embeddable":true,"href":"https:\/\/bumbeelabs.com\/pl\/wp-json\/wp\/v2\/comments?post=1614"}],"version-history":[{"count":13,"href":"https:\/\/bumbeelabs.com\/pl\/wp-json\/wp\/v2\/posts\/1614\/revisions"}],"predecessor-version":[{"id":1814,"href":"https:\/\/bumbeelabs.com\/pl\/wp-json\/wp\/v2\/posts\/1614\/revisions\/1814"}],"wp:featuredmedia":[{"embeddable":true,"href":"https:\/\/bumbeelabs.com\/pl\/wp-json\/wp\/v2\/media\/1615"}],"wp:attachment":[{"href":"https:\/\/bumbeelabs.com\/pl\/wp-json\/wp\/v2\/media?parent=1614"}],"wp:term":[{"taxonomy":"category","embeddable":true,"href":"https:\/\/bumbeelabs.com\/pl\/wp-json\/wp\/v2\/categories?post=1614"},{"taxonomy":"post_tag","embeddable":true,"href":"https:\/\/bumbeelabs.com\/pl\/wp-json\/wp\/v2\/tags?post=1614"}],"curies":[{"name":"wp","href":"https:\/\/api.w.org\/{rel}","templated":true}]}}