{"id":1602,"date":"2022-06-08T13:01:00","date_gmt":"2022-06-08T13:01:00","guid":{"rendered":"https:\/\/bumbeelabs.com\/?p=1602"},"modified":"2026-03-11T10:39:45","modified_gmt":"2026-03-11T10:39:45","slug":"kista-mobility-day","status":"publish","type":"post","link":"https:\/\/bumbeelabs.com\/pl\/kista-mobility-day\/","title":{"rendered":"Dzie\u0144 Mobilno\u015bci w Kista"},"content":{"rendered":"<p>W czwartek 9 czerwca 2022 r. Bumbee Labs b\u0119dzie wystawia\u0107 si\u0119 na Kista Mobility Day. Wydarzenie jest organizowane przez Kista Science Data, kt\u00f3ra pracuje nad stworzeniem zr\u00f3wnowa\u017conej przysz\u0142o\u015bci za pomoc\u0105 technologii. Wsp\u00f3\u0142pracuj\u0105 z innowacyjnymi firmami, \u015brodowiskiem akademickim, w\u0142adzami i obywatelami.<\/p>\n\n\n\n<p>Podczas Kista Mobility Day zwizualizujemy nowe rozwi\u0105zania dost\u0119pne ju\u017c dzi\u015b, kt\u00f3re wkr\u00f3tce pojawi\u0105 si\u0119 na naszych ulicach, innowacje technologiczne czekaj\u0105ce na miejsce oraz nowe kooperacje, kt\u00f3re przyspiesz\u0105 wdra\u017canie nowych innowacji.<\/p>\n\n\n\n<p>Nasz za\u0142o\u017cyciel Staffan Liljestrand b\u0119dzie prezenterem w namiocie Project SMART, m\u00f3wi\u0105c o przysz\u0142o\u015bci mobilno\u015bci i o tym, jak Bumbee Labs przyczyni si\u0119 do tego projektu. Dodatkowe firmy prezentuj\u0105ce si\u0119 z nami obejmuj\u0105 kilku naszych partner\u00f3w i inne go\u015bcinne firmy TRE, Ramboll, RISE i Savantic.<\/p>\n\n\n\n<h3 class=\"wp-block-heading\">Mo\u017cesz nawet spotka\u0107 si\u0119 z dwoma naszymi Key Account Managerami, kt\u00f3rzy odpowiedz\u0105 na wszelkie pytania dotycz\u0105ce Bumbee Labs, naszej misji, tego jak pracujemy i jak mo\u017cesz zosta\u0107 naszym partnerem!<\/h3>\n\n\n\n<figure class=\"wp-block-image size-full\"><img fetchpriority=\"high\" decoding=\"async\" width=\"517\" height=\"399\" src=\"http:\/\/bumbeelabs.com\/wp-content\/uploads\/2025\/12\/image002.png\" alt=\"\" class=\"wp-image-1604\" title=\"BBL_Stockholm_Tech_Live_Event_Banner-04\" srcset=\"https:\/\/bumbeelabs.com\/wp-content\/uploads\/2025\/12\/image002.png 517w, https:\/\/bumbeelabs.com\/wp-content\/uploads\/2025\/12\/image002-300x232.png 300w\" sizes=\"(max-width: 517px) 100vw, 517px\" \/><\/figure>\n\n\n\n<h3 class=\"wp-block-heading\">Jak wzi\u0105\u0107 udzia\u0142<\/h3>\n\n\n\n<p>Wydarzenie jest BEZP\u0141ATNE i odb\u0119dzie si\u0119 na \u015bwie\u017cym powietrzu. Bumbee Labs b\u0119dzie zlokalizowane w tym samym namiocie co Project SMART i Kista Science City.<\/p>\n\n\n\n<p>Jest&nbsp;<a href=\"https:\/\/eur01.safelinks.protection.outlook.com\/?url=https%3A%2F%2Fbreakfast-at-kista-mobility-day.confetti.events%2F&amp;data=05%7C01%7Cpetra.dalunde%40kista.com%7C9dabf78ea6674ea31c9408da43509649%7Cf482e803ebcc46ce8971a61020804d8a%7C0%7C0%7C637896310639533015%7CUnknown%7CTWFpbGZsb3d8eyJWIjoiMC4wLjAwMDAiLCJQIjoiV2luMzIiLCJBTiI6Ik1haWwiLCJXVCI6Mn0%3D%7C3000%7C%7C%7C&amp;sdata=4%2B%2FhHeYeyXe4IyRvtmvqTMGGED%2FPXKsIEgjLjQmeQqY%3D&amp;reserved=0\" target=\"_blank\" rel=\"noreferrer noopener\">\u015bniadanie przed pokazem<\/a>&nbsp;kt\u00f3ra odb\u0119dzie si\u0119 o 8:30 w Ericsson Imagine Studio,&nbsp;<a href=\"https:\/\/eur01.safelinks.protection.outlook.com\/?url=https%3A%2F%2Fgoo.gl%2Fmaps%2Fc3qs6wNrrh6Td6uB9&amp;data=05%7C01%7Cpetra.dalunde%40kista.com%7C9dabf78ea6674ea31c9408da43509649%7Cf482e803ebcc46ce8971a61020804d8a%7C0%7C0%7C637896310639533015%7CUnknown%7CTWFpbGZsb3d8eyJWIjoiMC4wLjAwMDAiLCJQIjoiV2luMzIiLCJBTiI6Ik1haWwiLCJXVCI6Mn0%3D%7C3000%7C%7C%7C&amp;sdata=9QW7oLHt6%2BscLXL6q4vpVBkq2NcUOP0vJCSAgS0wGAk%3D&amp;reserved=0\" target=\"_blank\" rel=\"noreferrer noopener\">Gr\u00f6nlandsgatan 8, Kista<\/a>. Ze wzgl\u0119d\u00f3w praktycznych prosimy o&nbsp;<a href=\"https:\/\/eur01.safelinks.protection.outlook.com\/?url=https%3A%2F%2Fbreakfast-at-kista-mobility-day.confetti.events%2F&amp;data=05%7C01%7Cpetra.dalunde%40kista.com%7C9dabf78ea6674ea31c9408da43509649%7Cf482e803ebcc46ce8971a61020804d8a%7C0%7C0%7C637896310639533015%7CUnknown%7CTWFpbGZsb3d8eyJWIjoiMC4wLjAwMDAiLCJQIjoiV2luMzIiLCJBTiI6Ik1haWwiLCJXVCI6Mn0%3D%7C3000%7C%7C%7C&amp;sdata=4%2B%2FhHeYeyXe4IyRvtmvqTMGGED%2FPXKsIEgjLjQmeQqY%3D&amp;reserved=0\" target=\"_blank\" rel=\"noreferrer noopener\">rejestr<\/a>&nbsp;je\u015bli planujesz wzi\u0105\u0107 udzia\u0142.<\/p>\n\n\n\n<h3 class=\"wp-block-heading\"><br>Czas i miejsce<\/h3>\n\n\n\n<p>Wystawa b\u0119dzie otwarta w godzinach 11:00-14:00 pod adresem&nbsp;<strong>Kista Science City, Gr\u00f6nlandsgatan, 164 40 Sztokholm.<\/strong><\/p>\n\n\n\n<p>O 15:00 odb\u0119dzie si\u0119 AW w Hub (r\u00f3wnie\u017c w Gr\u00f6nlandsparken).<\/p>\n\n\n\n<p>\u015awietna okazja do spotkania nowych i starych znajomych.<\/p>\n\n\n\n<h3 class=\"wp-block-heading\"><br>Agenda<\/h3>\n\n\n\n<p>Pe\u0142ny program wszystkich seminari\u00f3w i zaj\u0119\u0107 w ci\u0105gu dnia mo\u017cna znale\u017a\u0107 na stronie&nbsp;<a href=\"https:\/\/eur01.safelinks.protection.outlook.com\/?url=https%3A%2F%2Fkista-mobility-day.confetti.events%2F&amp;data=05%7C01%7Cpetra.dalunde%40kista.com%7C9dabf78ea6674ea31c9408da43509649%7Cf482e803ebcc46ce8971a61020804d8a%7C0%7C0%7C637896310639533015%7CUnknown%7CTWFpbGZsb3d8eyJWIjoiMC4wLjAwMDAiLCJQIjoiV2luMzIiLCJBTiI6Ik1haWwiLCJXVCI6Mn0%3D%7C3000%7C%7C%7C&amp;sdata=LSijrR8vzShKdWQWQ5klMW4JYWIhqVT02Toi0IfDtgI%3D&amp;reserved=0\" target=\"_blank\" rel=\"noreferrer noopener\">sprawd\u017a harmonogram.<\/a><\/p>\n\n\n\n<p>Mo\u017cesz r\u00f3wnie\u017c dowiedzie\u0107 si\u0119 wi\u0119cej, odwiedzaj\u0105c bezpo\u015brednio stron\u0119 internetow\u0105:&nbsp;<a href=\"https:\/\/kista-mobility-day.confetti.events\/\" target=\"_blank\" rel=\"noreferrer noopener\">https:\/\/kista-mobility-day.confetti.events\/<\/a>.<br><\/p>\n\n\n\n<h2 class=\"wp-block-heading has-text-align-center\"><br><br>Mamy nadziej\u0119, \u017ce si\u0119 tam zobaczymy!<\/h2>\n\n\n\n<p class=\"has-text-align-center\">Je\u015bli masz jakie\u015b pytania, napisz do nas na adres&nbsp;<a href=\"mailto:info@bumbeelabs.com\">info@bumbeelabs.com<\/a><\/p>\n\n\n\n<p><\/p>","protected":false},"excerpt":{"rendered":"<p>On Thursday June 9th, 2022 Bumbee Labs will be exhibiting at the Kista Mobility Day. The event is hosted by Kista Science Data, who work to create a sustainable future with the help of technology. They work with innovative companies, academia, authorities and citizens. At Kista Mobility Day, we will visualize new solutions available already [&hellip;]<\/p>\n","protected":false},"author":3,"featured_media":1603,"comment_status":"closed","ping_status":"closed","sticky":false,"template":"","format":"standard","meta":{"footnotes":""},"categories":[15],"tags":[],"class_list":["post-1602","post","type-post","status-publish","format-standard","has-post-thumbnail","hentry","category-news"],"_links":{"self":[{"href":"https:\/\/bumbeelabs.com\/pl\/wp-json\/wp\/v2\/posts\/1602","targetHints":{"allow":["GET"]}}],"collection":[{"href":"https:\/\/bumbeelabs.com\/pl\/wp-json\/wp\/v2\/posts"}],"about":[{"href":"https:\/\/bumbeelabs.com\/pl\/wp-json\/wp\/v2\/types\/post"}],"author":[{"embeddable":true,"href":"https:\/\/bumbeelabs.com\/pl\/wp-json\/wp\/v2\/users\/3"}],"replies":[{"embeddable":true,"href":"https:\/\/bumbeelabs.com\/pl\/wp-json\/wp\/v2\/comments?post=1602"}],"version-history":[{"count":3,"href":"https:\/\/bumbeelabs.com\/pl\/wp-json\/wp\/v2\/posts\/1602\/revisions"}],"predecessor-version":[{"id":1821,"href":"https:\/\/bumbeelabs.com\/pl\/wp-json\/wp\/v2\/posts\/1602\/revisions\/1821"}],"wp:featuredmedia":[{"embeddable":true,"href":"https:\/\/bumbeelabs.com\/pl\/wp-json\/wp\/v2\/media\/1603"}],"wp:attachment":[{"href":"https:\/\/bumbeelabs.com\/pl\/wp-json\/wp\/v2\/media?parent=1602"}],"wp:term":[{"taxonomy":"category","embeddable":true,"href":"https:\/\/bumbeelabs.com\/pl\/wp-json\/wp\/v2\/categories?post=1602"},{"taxonomy":"post_tag","embeddable":true,"href":"https:\/\/bumbeelabs.com\/pl\/wp-json\/wp\/v2\/tags?post=1602"}],"curies":[{"name":"wp","href":"https:\/\/api.w.org\/{rel}","templated":true}]}}