{"id":1533,"date":"2018-07-11T09:44:00","date_gmt":"2018-07-11T09:44:00","guid":{"rendered":"https:\/\/bumbeelabs.com\/?p=1533"},"modified":"2025-12-05T14:51:45","modified_gmt":"2025-12-05T14:51:45","slug":"najlepszy-sposob-na-dotarcie-do-miasta-vasteras","status":"publish","type":"post","link":"https:\/\/bumbeelabs.com\/pl\/besoken-fortsatter-att-oka-till-vasteras-city\/","title":{"rendered":"Zapraszamy na wycieczk\u0119 do V\u00e4ster\u00e5s City!"},"content":{"rendered":"<p><strong>W ci\u0105gu ostatnich kilku lat w stadsk\u00e4rnan przyby\u0142o antalet bes\u00f6kare. Rok 2018 jest kolejnym miesi\u0105cem.&nbsp;<\/strong><strong>F\u00f6rsta halvan av \u00e5ret summeras med ytterligare drygt 5 % \u00f6kning mot fjol\u00e5rets rekord\u00e5r. Hela 208 833 antal personer bes\u00f6ker in snitt city per vecka.<\/strong><\/p>\n\n\n\n<p>Till skillnad mot tidigare \u00e5r var det under vintern och tidiga v\u00e5ren st\u00f6rre variationer mellan veckor och dagar \u00e4n tidigare. Med storning vissa veckor och tapp mot fjol\u00e5r andra veckor.<br><\/p>\n\n\n\n<p>Pod koniec kwietnia i p\u00f3\u017aniej niv\u00e5erna ustabilizowa\u0142a si\u0119, a my cieszymy si\u0119, \u017ce uda\u0142o nam si\u0119 znale\u017a\u0107 najlepsze oferty pod r\u00f3\u017cnymi warunkami. Vi kan se att v\u00e5ra gemensamma satsningar p\u00e5 stadsmilj\u00f6n som tex julbelysning och \u00e4ven st\u00f6rre gemensamma evenemang och marknadsf\u00f6ringsinsatser ger resultat p\u00e5 stadens gator.<\/p>\n\n\n\n<p>- V\u00e4ster\u00e5s City jest wspania\u0142ym centrum handlowym, kt\u00f3re stanowi doskona\u0142e miejsce na odwiedziny i zakupy dla wszystkich mieszka\u0144c\u00f3w V\u00e4ster\u00e5s. Znajduje si\u0119 tam fantastyczna baza kawiarni, restauracji, kultury we wszystkich jej przejawach, n\u00f6jen i ca\u0142ej obs\u0142ugi. Personel jest bardzo mi\u0142y i \u017cyczliwy. Vi har haft det p\u00e5 k\u00e4nn, nu \u00e4r det h\u00e4rligt att f\u00e5 bekr\u00e4ftelse p\u00e5 vi \u00e4r p\u00e5 r\u00e4tt v\u00e4g och att v\u00e5rt gemensamma arbete ger resultat, s\u00e4ger Maria Fors VD p\u00e5 V\u00e4ster\u00e5s Citysamverkan.<\/p>\n\n\n\n<p>V\u00e5ra st\u00f6rre evenemang under v\u00e5ren som tex tjejkv\u00e4llen \u00f6kade mot redan tidigare rekordsiffror.V\u00e4ster\u00e5s Cityfestival odby\u0142 si\u0119 w Stora Torget w ramach V\u00e4ster\u00e5s Summer Meet, gdzie odwiedzili\u015bmy VM-matchen z Anglii i Sverige, a nast\u0119pnie udali\u015bmy si\u0119 na stora torg w kierunku gulkl\u00e4dda V\u00e4ster\u00e5sare.<\/p>\n\n\n\n<p><strong>Tjejkv\u00e4llen:<\/strong>\u00a0+ 8% (45 549 person)<br><strong>V\u00e4ster\u00e5s Cityfestival<\/strong>: +12% (212 305 person)<br><strong>Englandsmatchen p\u00e5 Stora torget<\/strong>: j\u00e4mf\u00f6rt mot samma l\u00f6rdag f\u00f6reg\u00e5ende \u00e5r 7\/7 +51% (5 254 personer)<br><\/p>\n\n\n\n<p><em>Alf Westerdahl z V\u00e4ster\u00e5s Marknad och N\u00e4ringsliv bef\u00e4ster:<\/em><\/p>\n\n\n\n<p>- Ciesz\u0119 si\u0119, \u017ce mo\u017cemy wzi\u0105\u0107 udzia\u0142 w bes\u00f6ksrekordzie w ramach V\u00e4ster\u00e5s Cityfestival. Tack V\u00e4ster\u00e5sare och andra bes\u00f6kare som g\u00f6r festivalen s\u00e5 bra! W tym roku festiwal zgromadzi\u0142 ponad 212 000 os\u00f3b w ci\u0105gu trzech dni, a wszystko, co najlepsze, to to, \u017ce V\u00e4ster\u00e5sarna verkligen bj\u00f6d upp till dans framf\u00f6r artisterna. W ten spos\u00f3b arty\u015bci mog\u0105 weryfikowa\u0107 trivs i b\u0119d\u0105 mogli si\u0119 rozwija\u0107. Flera artister vittnar att vi \u00e4r en a Sveriges b\u00e4sta stadsfestivaler! (Kanske tom den b\u00e4sta \ud83d\ude09<\/p>\n\n\n\n<p>- Pod Englandsmatchen znajduje si\u0119 stora torget av gulkl\u00e4dda V\u00e4ster\u00e5sare. 5 254 os\u00f3b zg\u0142osi\u0142o si\u0119 do nas, aby zobaczy\u0107, jak wygl\u0105da matchen. Wi\u0119kszo\u015b\u0107 z nich nie by\u0142a w stanie tego zrobi\u0107. I Ryssland finns den \u201dgula v\u00e4ggen\u201d H\u00e4r i V\u00e4ster\u00e5s ville vi ha \u201dGula torget\u201d. Tack V\u00e4ster\u00e5s!<\/p>\n\n\n\n<p><strong>Bumbee Labs wprowadza bes\u00f6ksfl\u00f6den<\/strong>&nbsp;Bumbee Lab oferuje mo\u017cliwo\u015b\u0107 korzystania z anonimowych sygna\u0142\u00f3w WiFi w ma\u0142ych telefonach kom\u00f3rkowych i uzyskiwania dost\u0119pu do Internetu w szerokim zakresie. Us\u0142ugi Bumbee Labs s\u0105 anonimowe, indywidualne i oparte na metodzie zapewniaj\u0105cej dost\u0119p do danych.<\/p>\n\n\n\n<p><strong>Presskontakter: Maria Fors, VD, V\u00e4ster\u00e5s Citysamverkan,<br>070-532 53 30,&nbsp;<a href=\"mailto:maria.fors@vasterascity.com\">maria.fors@vasterascity.com<\/a><\/strong><\/p>\n\n\n\n<p><strong>Alf Westerdahl, V\u00e4ster\u00e5s Marknad och N\u00e4ringsliv,<br>070-5775755,&nbsp;<a href=\"mailto:alf.westerdahl@vasteras.se\">alf.westerdahl@vasteras.se<\/a><\/strong><\/p>\n\n\n\n<p><strong>Karl Samuelsson, CEO, Bumbee Labs,<br>070-7588971,&nbsp;<a href=\"mailto:karl.samuelsson@bumbeelabs.se\">karl.samuelsson@bumbeelabs.se<\/a><\/strong><\/p>\n\n\n\n<h3 class=\"wp-block-heading\"><br>\u00c4mnen<\/h3>\n\n\n\n<ul class=\"wp-block-list\">\n<li><a href=\"https:\/\/www.mynewsdesk.com\/se\/vasterascity\/subjects\/konst-kultur-underhaallning\" target=\"_blank\" rel=\"noreferrer noopener\">Konst, kultur, underh\u00e5llning<\/a><\/li>\n\n\n\n<li><a href=\"https:\/\/www.mynewsdesk.com\/se\/vasterascity\/subjects\/sport\" target=\"_blank\" rel=\"noreferrer noopener\">Sport<\/a><\/li>\n\n\n\n<li><a href=\"https:\/\/www.mynewsdesk.com\/se\/vasterascity\/subjects\/livsstil-mode-fritid\" target=\"_blank\" rel=\"noreferrer noopener\">Livsstil, mode, fritid<\/a><\/li>\n\n\n\n<li><a href=\"https:\/\/www.mynewsdesk.com\/se\/vasterascity\/subjects\/turism\" target=\"_blank\" rel=\"noreferrer noopener\">Turyzm<\/a><\/li>\n\n\n\n<li><a href=\"https:\/\/www.mynewsdesk.com\/se\/vasterascity\/subjects\/detaljhandel\" target=\"_blank\" rel=\"noreferrer noopener\">Detaljhandel<\/a><\/li>\n\n\n\n<li><a href=\"https:\/\/www.mynewsdesk.com\/se\/vasterascity\/subjects\/mat-dryck\" target=\"_blank\" rel=\"noreferrer noopener\">Mat, dryck<\/a><\/li>\n\n\n\n<li><a href=\"https:\/\/www.mynewsdesk.com\/se\/vasterascity\/subjects\/undersoekningar-rapporter\" target=\"_blank\" rel=\"noreferrer noopener\">Unders\u00f6kningar, sprawozdawca<\/a><\/li>\n<\/ul>\n\n\n\n<h3 class=\"wp-block-heading\"><br>Regioner<\/h3>\n\n\n\n<ul class=\"wp-block-list\">\n<li><a href=\"https:\/\/www.mynewsdesk.com\/se\/vasterascity\/regions\/vaesteraas\" target=\"_blank\" rel=\"noreferrer noopener\">V\u00e4ster\u00e5s<\/a><br><\/li>\n<\/ul>\n\n\n\n<p><\/p>\n\n\n\n<hr class=\"wp-block-separator has-alpha-channel-opacity\"\/>\n\n\n\n<p><br><em>\u201dTillsammans genomf\u00f6r nu m\u00e5nga goda krafter i v\u00e5r stad en m\u00e4ngd sm\u00e5 och stora projekt f\u00f6r att utveckla centrala V\u00e4ster\u00e5s. Celem jest stworzenie miasta, w kt\u00f3rym wszyscy b\u0119d\u0105 mieli wi\u0119ksze mo\u017cliwo\u015bci podr\u00f3\u017cowania, podr\u00f3\u017cowania i \u017cycia. Det ska bli mera M\u00e4laren, gr\u00f6nt och sk\u00f6nt. Det ska bli mera aktiviteter, liv och r\u00f6relse. Det ska bli Sveriges b\u00e4sta city.\u201d<\/em><\/p>\n\n\n\n<figure class=\"wp-block-image size-large\"><img decoding=\"async\" src=\"https:\/\/mnd-assets.mynewsdesk.com\/image\/upload\/t_next_gen_logo_limit_x2\/nh9dwwt4nfuqkwqpsrzy.jpg\" alt=\"V\u00e4ster\u00e5s Citysamverkan AB \" style=\"aspect-ratio:1\"\/><\/figure>","protected":false},"excerpt":{"rendered":"<p>Under flera \u00e5r har antalet bes\u00f6kare \u00f6kat i stadsk\u00e4rnan. 2018 \u00e4r hittills inget undantag.&nbsp;F\u00f6rsta halvan av \u00e5ret summeras med ytterligare drygt 5 % \u00f6kning mot fjol\u00e5rets rekord\u00e5r. Hela 208 833 antal personer bes\u00f6ker i snitt city per vecka. Till skillnad mot tidigare \u00e5r var det under vintern och tidiga v\u00e5ren st\u00f6rre variationer mellan veckor och [&hellip;]<\/p>\n","protected":false},"author":3,"featured_media":1536,"comment_status":"closed","ping_status":"closed","sticky":false,"template":"","format":"standard","meta":{"footnotes":""},"categories":[14],"tags":[],"class_list":["post-1533","post","type-post","status-publish","format-standard","has-post-thumbnail","hentry","category-featured-in"],"_links":{"self":[{"href":"https:\/\/bumbeelabs.com\/pl\/wp-json\/wp\/v2\/posts\/1533","targetHints":{"allow":["GET"]}}],"collection":[{"href":"https:\/\/bumbeelabs.com\/pl\/wp-json\/wp\/v2\/posts"}],"about":[{"href":"https:\/\/bumbeelabs.com\/pl\/wp-json\/wp\/v2\/types\/post"}],"author":[{"embeddable":true,"href":"https:\/\/bumbeelabs.com\/pl\/wp-json\/wp\/v2\/users\/3"}],"replies":[{"embeddable":true,"href":"https:\/\/bumbeelabs.com\/pl\/wp-json\/wp\/v2\/comments?post=1533"}],"version-history":[{"count":5,"href":"https:\/\/bumbeelabs.com\/pl\/wp-json\/wp\/v2\/posts\/1533\/revisions"}],"predecessor-version":[{"id":1539,"href":"https:\/\/bumbeelabs.com\/pl\/wp-json\/wp\/v2\/posts\/1533\/revisions\/1539"}],"wp:featuredmedia":[{"embeddable":true,"href":"https:\/\/bumbeelabs.com\/pl\/wp-json\/wp\/v2\/media\/1536"}],"wp:attachment":[{"href":"https:\/\/bumbeelabs.com\/pl\/wp-json\/wp\/v2\/media?parent=1533"}],"wp:term":[{"taxonomy":"category","embeddable":true,"href":"https:\/\/bumbeelabs.com\/pl\/wp-json\/wp\/v2\/categories?post=1533"},{"taxonomy":"post_tag","embeddable":true,"href":"https:\/\/bumbeelabs.com\/pl\/wp-json\/wp\/v2\/tags?post=1533"}],"curies":[{"name":"wp","href":"https:\/\/api.w.org\/{rel}","templated":true}]}}