{"id":1614,"date":"2022-08-19T13:33:00","date_gmt":"2022-08-19T13:33:00","guid":{"rendered":"https:\/\/bumbeelabs.com\/?p=1614"},"modified":"2026-03-11T10:39:59","modified_gmt":"2026-03-11T10:39:59","slug":"wi-fi-world-congress-eurooppa-2022","status":"publish","type":"post","link":"https:\/\/bumbeelabs.com\/fi\/wi-fi-world-congress-europe-2022\/","title":{"rendered":"Wi-Fi World Congress Europe 2022\u00a0"},"content":{"rendered":"<p>Wi-Fi World Congress on maailman johtava Wi-Fi-alan tapahtuma - ja Bumbee Labs osallistuu n\u00e4yttelyyn sek\u00e4 p\u00e4\u00e4puhujana! Jatka lukemista saadaksesi lis\u00e4tietoja tapahtumasta, mit\u00e4 Bumbee Labs tarjoaa ja miten voit osallistua.<\/p>\n\n\n\n<h3 class=\"wp-block-heading\">Tietoa tapahtumasta<\/h3>\n\n\n\n<p>Wi-Fi World Congress on maailman ainoa konferenssi ja messut 100% omistettu esittelem\u00e4\u00e4n ja tukemaan maailmanlaajuista Wi-Fi teollisuutta. T\u00e4n\u00e4 syyskuun 26.-28. p\u00e4iv\u00e4n\u00e4 ne kokoavat maailman Wi-Fi-johtajat saman katon alle kolmeksi p\u00e4iv\u00e4ksi kaiken Wi-Fi:n ymp\u00e4rille Tukholmaan, Ruotsiin - ja keskittyv\u00e4t erityisesti innovaatioihin ja mahdollisuuksiin. Jos olet osa Wi-Fi-alaa, et halua j\u00e4tt\u00e4\u00e4 t\u00e4t\u00e4 v\u00e4liin!<\/p>\n\n\n\n<p>Tapahtuman teemana on Wi-Fi-k\u00e4ytt\u00f6inen \u00e4lyk\u00e4s koti, Wi-Fi-evoluutio ja erityisesti Wi-Fi yrityksille ja operaattoreille. Tapahtuman kaksip\u00e4iv\u00e4ist\u00e4 ajatusten johtamiseen t\u00e4ht\u00e4\u00e4v\u00e4\u00e4 konferenssiohjelmaa t\u00e4ydent\u00e4\u00e4 p\u00e4\u00e4n\u00e4yttely, jossa p\u00e4\u00e4set tutustumaan Wi-Fi -ratkaisujen parhaimmistoon omakohtaisesti. Katso luettelo puhujista t\u00e4\u00e4lt\u00e4:&nbsp;<a href=\"https:\/\/wifinowglobal.com\/europe-2022\/\" target=\"_blank\" rel=\"noreferrer noopener\">https:\/\/wifinowglobal.com\/europe-2022\/<\/a><\/p>\n\n\n\n<p>Tapahtumaan sis\u00e4ltyy v\u00e4hint\u00e4\u00e4n yksi sosiaalinen iltatapahtuma sek\u00e4 mahdollisuus osallistua suosituimpiin ja alan johtaviin Wi-Fi Academy Masterclasses -kursseihin, ja se on t\u00e4ysin rajoitukseton.<\/p>\n\n\n\n<h3 class=\"wp-block-heading\">Tietoja illan sosiaalisesta tapahtumasta<\/h3>\n\n\n\n<p>Iltajuhla j\u00e4rjestet\u00e4\u00e4n Tukholman kuuluisassa ABBA-museossa. Museo on interaktiivinen museo, jossa voit kokeilla ABBA:n pukuja, laulaa, soittaa, miksata alkuper\u00e4ist\u00e4 musiikkia ja tulla ABBA:n viidenneksi j\u00e4seneksi esiintym\u00e4ll\u00e4 suurella lavalla yhdess\u00e4 Bj\u00f6rnin, Bennyn, Fridan ja Agnethan kanssa.<\/p>\n\n\n\n<h3 class=\"wp-block-heading\">Tapaa Wi-Fi-vertaisesi rennossa ja ep\u00e4muodollisessa ilmapiiriss\u00e4!<\/h3>\n\n\n\n<p><\/p>\n\n\n\n<p>Kaikki, joilla on ostettu WWC 2022 -lippu, ovat tervetulleita osallistumaan ABBA-yhteis\u00f6tapahtumaan Tukholman ikoniseen ja legendaariseen ABBA-museoon 27. syyskuuta kello 18.00-22.00. Tapaat siell\u00e4 my\u00f6s kaikki muut WWC Europe -konferenssiin osallistuvat hienot ihmiset, jotka nauttivat juomia ja p\u00e4\u00e4sev\u00e4t VIP-kierrokselle museoon.<\/p>\n\n\n\n<p><\/p>\n\n\n\n<figure class=\"wp-block-image\"><a href=\"https:\/\/bumbeelabs.com\/wp-content\/uploads\/2022\/08\/IMG_1356.jpg\"><img decoding=\"async\" src=\"https:\/\/bumbeelabs.com\/wp-content\/uploads\/2022\/08\/IMG_1356.jpg\" alt=\"\" class=\"wp-image-233446\"\/><\/a><\/figure>\n\n\n\n<p><a href=\"https:\/\/bumbeelabs.com\/fi\/2022\/08\/19\/wi-fi-world-congress-europe-2022-%ef%bf%bc\/\"><\/a><a href=\"https:\/\/bumbeelabs.com\/fi\/2022\/08\/19\/wi-fi-world-congress-europe-2022-%ef%bf%bc\/\"><\/a><\/p>\n\n\n\n<div class=\"wp-block-group custom-anchor-link has-background is-layout-constrained wp-container-core-group-is-layout-3a02abfb wp-block-group-is-layout-constrained\" style=\"background-color:#f57e2a;padding-top:20px;padding-right:20px;padding-bottom:20px;padding-left:20px\">\n<p class=\"has-text-align-center has-white-color has-text-color has-link-color wp-elements-388c8fb4448c3a7b676f50f7948351a5\">Lis\u00e4tietoja t\u00e4\u00e4lt\u00e4:&nbsp;<a href=\"https:\/\/wifinowglobal.com\/abba-social-evening-event-sept-27\/\" target=\"_blank\" rel=\"noreferrer noopener\">https:\/\/wifinowglobal.com\/abba-social-evening-event-sept-27\/<\/a><\/p>\n\n\n\n<p class=\"has-text-align-center has-white-color has-text-color has-link-color wp-elements-f4ecb3b5cbc8649b43ad29d25d3a0838\">Liput itse kongressiin&nbsp;<a href=\"https:\/\/www.eventbrite.co.uk\/e\/wi-fi-world-congress-2022-europe-stockholm-sweden-tickets-249178207727\" target=\"_blank\" rel=\"noreferrer noopener\">klikkaa t\u00e4st\u00e4<\/a>.<\/p>\n\n\n\n<p class=\"has-text-align-center has-white-color has-text-color has-link-color wp-elements-46971816c7df161f10af94c107c2962a\">L\u00f6yd\u00e4 luettelo sponsoreista ja n\u00e4ytteilleasettajista&nbsp;<a href=\"https:\/\/wifinowglobal.com\/europe-2022\/sponsors\/%20\" target=\"_blank\" rel=\"noreferrer noopener\">t\u00e4\u00e4ll\u00e4<\/a>.<\/p>\n\n\n\n<p class=\"has-text-align-center has-white-color has-text-color has-link-color wp-elements-f4f55b2a5b0073c947bc9683784bf400\">Etsi tapahtuman ohjelma&nbsp;<a href=\"https:\/\/wifinowglobal.com\/europe-2022\/%20\" target=\"_blank\" rel=\"noreferrer noopener\">t\u00e4\u00e4ll\u00e4<\/a>.<\/p>\n\n\n\n<p class=\"has-text-align-center has-white-color has-text-color has-link-color wp-elements-f88813380cdbf8b35aabbda3531b576b\">Osta lippusi&nbsp;<a href=\"https:\/\/www.eventbrite.co.uk\/e\/wi-fi-world-congress-2022-europe-stockholm-sweden-tickets-249178207727%20\" target=\"_blank\" rel=\"noreferrer noopener\">t\u00e4\u00e4ll\u00e4<\/a>.<\/p>\n<\/div>\n\n\n\n<h3 class=\"wp-block-heading has-text-align-left\"><br>Tapaa Bumbee Labsin tiimi:<\/h3>\n\n\n\n<p><\/p>\n\n\n\n<p><\/p>\n\n\n\n<p>Tule tapaamaan tiimi\u00e4mme henkil\u00f6kohtaisesti! Vastaamme tarjoamiamme palveluita koskeviin kysymyksiin, kuten siihen, miten palvelumme ovat laitteistoriippumattomia, milt\u00e4 mittaristomme n\u00e4ytt\u00e4v\u00e4t, millainen onboarding-prosessimme on, ja kaikkiin muihin polttaviin kysymyksiin, joista olet ollut utelias, mutta joita et ole viel\u00e4 kysynyt!<\/p>\n\n\n\n<p>Varaa tapaaminen yhden asiakasp\u00e4\u00e4llikk\u00f6mme kanssa:<\/p>\n\n\n\n<p>o&nbsp;<a href=\"mailto:pedro.lundin@bumbeelabs.se\">Urban<\/a><br>o&nbsp;<a href=\"mailto:info@bumbeelabs.com\">Anji<\/a><\/p>\n\n\n\n<p>L\u00e4het\u00e4 meille s\u00e4hk\u00f6postia osoitteeseen&nbsp;<a href=\"mailto:info@bumbeelabs.com\">info@bumbeelabs.com<\/a>&nbsp;sopiaksesi henkil\u00f6kohtaisen tapaamisen yhden avainasiakasp\u00e4\u00e4llikk\u00f6mme kanssa.<\/p>\n\n\n\n<div class=\"wp-block-group post-image-center is-content-justification-center is-nowrap is-layout-flex wp-container-core-group-is-layout-23441af8 wp-block-group-is-layout-flex\">\n<figure class=\"wp-block-image size-large is-resized\"><img fetchpriority=\"high\" decoding=\"async\" width=\"770\" height=\"1024\" src=\"http:\/\/bumbeelabs.com\/wp-content\/uploads\/2022\/08\/BBL_Stockholm_Tech_Live_Event_Banner-16-1-1-770x1024.png\" alt=\"\" class=\"wp-image-1617\" style=\"width:300px\" title=\"BBL_Stockholm_Tech_Live_Event_Banner-16\" srcset=\"https:\/\/bumbeelabs.com\/wp-content\/uploads\/2022\/08\/BBL_Stockholm_Tech_Live_Event_Banner-16-1-1-770x1024.png 770w, https:\/\/bumbeelabs.com\/wp-content\/uploads\/2022\/08\/BBL_Stockholm_Tech_Live_Event_Banner-16-1-1-226x300.png 226w, https:\/\/bumbeelabs.com\/wp-content\/uploads\/2022\/08\/BBL_Stockholm_Tech_Live_Event_Banner-16-1-1-768x1021.png 768w, https:\/\/bumbeelabs.com\/wp-content\/uploads\/2022\/08\/BBL_Stockholm_Tech_Live_Event_Banner-16-1-1.png 927w\" sizes=\"(max-width: 770px) 100vw, 770px\" \/><\/figure>\n\n\n\n<figure class=\"wp-block-image size-large is-resized\"><img decoding=\"async\" width=\"754\" height=\"1024\" src=\"http:\/\/bumbeelabs.com\/wp-content\/uploads\/2022\/08\/BBL_Stockholm_Tech_Live_Event_Banner-04-1-1-754x1024.png\" alt=\"\" class=\"wp-image-1619\" style=\"width:302px\" title=\"BBL_Stockholm_Tech_Live_Event_Banner-04\" srcset=\"https:\/\/bumbeelabs.com\/wp-content\/uploads\/2022\/08\/BBL_Stockholm_Tech_Live_Event_Banner-04-1-1-754x1024.png 754w, https:\/\/bumbeelabs.com\/wp-content\/uploads\/2022\/08\/BBL_Stockholm_Tech_Live_Event_Banner-04-1-1-221x300.png 221w, https:\/\/bumbeelabs.com\/wp-content\/uploads\/2022\/08\/BBL_Stockholm_Tech_Live_Event_Banner-04-1-1-768x1044.png 768w, https:\/\/bumbeelabs.com\/wp-content\/uploads\/2022\/08\/BBL_Stockholm_Tech_Live_Event_Banner-04-1-1-1130x1536.png 1130w, https:\/\/bumbeelabs.com\/wp-content\/uploads\/2022\/08\/BBL_Stockholm_Tech_Live_Event_Banner-04-1-1-1507x2048.png 1507w, https:\/\/bumbeelabs.com\/wp-content\/uploads\/2022\/08\/BBL_Stockholm_Tech_Live_Event_Banner-04-1-1-scaled.png 1884w\" sizes=\"(max-width: 754px) 100vw, 754px\" \/><\/figure>\n<\/div>\n\n\n\n<div class=\"wp-block-group post-image-center is-content-justification-center is-nowrap is-layout-flex wp-container-core-group-is-layout-23441af8 wp-block-group-is-layout-flex\">\n<div class=\"wp-block-group date-time-blog-content is-layout-constrained wp-block-group-is-layout-constrained\">\n<h3 class=\"wp-block-heading\">Sijainti<\/h3>\n\n\n\n<p><a href=\"https:\/\/g.page\/hotelbirgerjarl?share\" target=\"_blank\" rel=\"noopener noreferrer nofollow\">Hotelli Birger Jarl<\/a><br><a href=\"https:\/\/g.page\/hotelbirgerjarl?share\" target=\"_blank\" rel=\"noopener noreferrer nofollow\">Tulegatan 8<\/a><br><a href=\"https:\/\/g.page\/hotelbirgerjarl?share\" target=\"_blank\" rel=\"noopener noreferrer nofollow\">113 53 Tukholma<\/a><\/p>\n<\/div>\n\n\n\n<div class=\"wp-block-group date-time-blog-content is-layout-constrained wp-block-group-is-layout-constrained\">\n<h3 class=\"wp-block-heading\">P\u00e4iv\u00e4m\u00e4\u00e4r\u00e4 ja aika<\/h3>\n\n\n\n<p>Ma, 26 Sep 2022, 08:50 -<br>Ke, 28 syyskuu 2022, 17:00 CEST<\/p>\n<\/div>\n<\/div>","protected":false},"excerpt":{"rendered":"<p>The Wi-Fi World Congress is the world\u2019s premier Wi-Fi industry event \u2013 and Bumbee Labs will be attending as participants in the exhibition as well as a keynote speakers! Continue reading to learn more about the event, what Bumbee Labs will be offering, and how to attend. About the event The Wi-Fi World Congress are [&hellip;]<\/p>\n","protected":false},"author":3,"featured_media":1615,"comment_status":"closed","ping_status":"closed","sticky":false,"template":"","format":"standard","meta":{"footnotes":""},"categories":[15],"tags":[],"class_list":["post-1614","post","type-post","status-publish","format-standard","has-post-thumbnail","hentry","category-news"],"_links":{"self":[{"href":"https:\/\/bumbeelabs.com\/fi\/wp-json\/wp\/v2\/posts\/1614","targetHints":{"allow":["GET"]}}],"collection":[{"href":"https:\/\/bumbeelabs.com\/fi\/wp-json\/wp\/v2\/posts"}],"about":[{"href":"https:\/\/bumbeelabs.com\/fi\/wp-json\/wp\/v2\/types\/post"}],"author":[{"embeddable":true,"href":"https:\/\/bumbeelabs.com\/fi\/wp-json\/wp\/v2\/users\/3"}],"replies":[{"embeddable":true,"href":"https:\/\/bumbeelabs.com\/fi\/wp-json\/wp\/v2\/comments?post=1614"}],"version-history":[{"count":13,"href":"https:\/\/bumbeelabs.com\/fi\/wp-json\/wp\/v2\/posts\/1614\/revisions"}],"predecessor-version":[{"id":1814,"href":"https:\/\/bumbeelabs.com\/fi\/wp-json\/wp\/v2\/posts\/1614\/revisions\/1814"}],"wp:featuredmedia":[{"embeddable":true,"href":"https:\/\/bumbeelabs.com\/fi\/wp-json\/wp\/v2\/media\/1615"}],"wp:attachment":[{"href":"https:\/\/bumbeelabs.com\/fi\/wp-json\/wp\/v2\/media?parent=1614"}],"wp:term":[{"taxonomy":"category","embeddable":true,"href":"https:\/\/bumbeelabs.com\/fi\/wp-json\/wp\/v2\/categories?post=1614"},{"taxonomy":"post_tag","embeddable":true,"href":"https:\/\/bumbeelabs.com\/fi\/wp-json\/wp\/v2\/tags?post=1614"}],"curies":[{"name":"wp","href":"https:\/\/api.w.org\/{rel}","templated":true}]}}