{"id":1602,"date":"2022-06-08T13:01:00","date_gmt":"2022-06-08T13:01:00","guid":{"rendered":"https:\/\/bumbeelabs.com\/?p=1602"},"modified":"2026-03-11T10:39:45","modified_gmt":"2026-03-11T10:39:45","slug":"kista-liikkuvuuspaiva","status":"publish","type":"post","link":"https:\/\/bumbeelabs.com\/fi\/kista-mobility-day\/","title":{"rendered":"Kistan liikkuvuusp\u00e4iv\u00e4"},"content":{"rendered":"<p>Torstaina 9. kes\u00e4kuuta 2022 Bumbee Labs on esill\u00e4 Kista Mobility Day -tapahtumassa. Tapahtumaa is\u00e4nn\u00f6i Kista Science Data, joka ty\u00f6skentelee kest\u00e4v\u00e4n tulevaisuuden luomiseksi teknologian avulla. He tekev\u00e4t yhteisty\u00f6t\u00e4 innovatiivisten yritysten, akateemisen maailman, viranomaisten ja kansalaisten kanssa.<\/p>\n\n\n\n<p>Kista Mobility Day -tapahtumassa esittelemme uusia ratkaisuja, jotka ovat jo nyt saatavilla ja jotka pian rullaavat kaduillamme, teknologisia innovaatioita, jotka odottavat tilaa, sek\u00e4 uusia yhteisty\u00f6kuvioita, jotka nopeuttavat uusien innovaatioiden k\u00e4ytt\u00f6\u00f6nottoa.<\/p>\n\n\n\n<p>Perustajamme Staffan Liljestrand on esittelij\u00e4n\u00e4 Project SMART -teltassa ja puhuu liikkumisen tulevaisuudesta ja siit\u00e4, miten Bumbee Labs osallistuu t\u00e4h\u00e4n hankkeeseen. Mukanamme esittelev\u00e4t my\u00f6s useat yhteisty\u00f6kumppanimme ja muut vierailevat yritykset, kuten TRE, Ramboll, RISE ja Savantic.<\/p>\n\n\n\n<h3 class=\"wp-block-heading\">Voit jopa tavata kaksi avainasiakasp\u00e4\u00e4llikk\u00f6\u00e4mme, jotka voivat vastata kaikkiin kysymyksiin Bumbee Labsista, missiostamme, toimintatavoistamme ja siit\u00e4, miten sinusta voi tulla kumppani!<\/h3>\n\n\n\n<figure class=\"wp-block-image size-full\"><img fetchpriority=\"high\" decoding=\"async\" width=\"517\" height=\"399\" src=\"http:\/\/bumbeelabs.com\/wp-content\/uploads\/2025\/12\/image002.png\" alt=\"\" class=\"wp-image-1604\" title=\"BBL_Stockholm_Tech_Live_Event_Banner-04\" srcset=\"https:\/\/bumbeelabs.com\/wp-content\/uploads\/2025\/12\/image002.png 517w, https:\/\/bumbeelabs.com\/wp-content\/uploads\/2025\/12\/image002-300x232.png 300w\" sizes=\"(max-width: 517px) 100vw, 517px\" \/><\/figure>\n\n\n\n<h3 class=\"wp-block-heading\">Miten osallistua<\/h3>\n\n\n\n<p>Tapahtuma on maksuton ja se j\u00e4rjestet\u00e4\u00e4n ulkona. Bumbee Labs on samassa teltassa Project SMARTin ja Kista Science Cityn kanssa.<\/p>\n\n\n\n<p>On olemassa&nbsp;<a href=\"https:\/\/eur01.safelinks.protection.outlook.com\/?url=https%3A%2F%2Fbreakfast-at-kista-mobility-day.confetti.events%2F&amp;data=05%7C01%7Cpetra.dalunde%40kista.com%7C9dabf78ea6674ea31c9408da43509649%7Cf482e803ebcc46ce8971a61020804d8a%7C0%7C0%7C637896310639533015%7CUnknown%7CTWFpbGZsb3d8eyJWIjoiMC4wLjAwMDAiLCJQIjoiV2luMzIiLCJBTiI6Ik1haWwiLCJXVCI6Mn0%3D%7C3000%7C%7C%7C&amp;sdata=4%2B%2FhHeYeyXe4IyRvtmvqTMGGED%2FPXKsIEgjLjQmeQqY%3D&amp;reserved=0\" target=\"_blank\" rel=\"noreferrer noopener\">esityst\u00e4 edelt\u00e4v\u00e4 aamiainen<\/a>&nbsp;joka pidet\u00e4\u00e4n klo 8.30 Ericsson Imagine Studiossa,&nbsp;<a href=\"https:\/\/eur01.safelinks.protection.outlook.com\/?url=https%3A%2F%2Fgoo.gl%2Fmaps%2Fc3qs6wNrrh6Td6uB9&amp;data=05%7C01%7Cpetra.dalunde%40kista.com%7C9dabf78ea6674ea31c9408da43509649%7Cf482e803ebcc46ce8971a61020804d8a%7C0%7C0%7C637896310639533015%7CUnknown%7CTWFpbGZsb3d8eyJWIjoiMC4wLjAwMDAiLCJQIjoiV2luMzIiLCJBTiI6Ik1haWwiLCJXVCI6Mn0%3D%7C3000%7C%7C%7C&amp;sdata=9QW7oLHt6%2BscLXL6q4vpVBkq2NcUOP0vJCSAgS0wGAk%3D&amp;reserved=0\" target=\"_blank\" rel=\"noreferrer noopener\">Gr\u00f6nlandsgatan 8, Kista<\/a>. K\u00e4yt\u00e4nn\u00f6n syist\u00e4 pyyd\u00e4mme&nbsp;<a href=\"https:\/\/eur01.safelinks.protection.outlook.com\/?url=https%3A%2F%2Fbreakfast-at-kista-mobility-day.confetti.events%2F&amp;data=05%7C01%7Cpetra.dalunde%40kista.com%7C9dabf78ea6674ea31c9408da43509649%7Cf482e803ebcc46ce8971a61020804d8a%7C0%7C0%7C637896310639533015%7CUnknown%7CTWFpbGZsb3d8eyJWIjoiMC4wLjAwMDAiLCJQIjoiV2luMzIiLCJBTiI6Ik1haWwiLCJXVCI6Mn0%3D%7C3000%7C%7C%7C&amp;sdata=4%2B%2FhHeYeyXe4IyRvtmvqTMGGED%2FPXKsIEgjLjQmeQqY%3D&amp;reserved=0\" target=\"_blank\" rel=\"noreferrer noopener\">Rekister\u00f6i<\/a>&nbsp;jos aiot osallistua.<\/p>\n\n\n\n<h3 class=\"wp-block-heading\"><br>Aika ja paikka<\/h3>\n\n\n\n<p>N\u00e4yttely on avoinna klo 11-14 pm klo&nbsp;<strong>Kista Science City, Gr\u00f6nlandsgatan, 164 40 Tukholma.<\/strong><\/p>\n\n\n\n<p>Kello 15 on AW-tilaisuus Hubissa (my\u00f6s Gr\u00f6nlandsparkenissa).<\/p>\n\n\n\n<p>Loistava tilaisuus tavata uusia ja vanhoja yst\u00e4vi\u00e4.<\/p>\n\n\n\n<h3 class=\"wp-block-heading\"><br>Esityslista<\/h3>\n\n\n\n<p>T\u00e4ydellinen esityslista kaikista p\u00e4iv\u00e4n aikana j\u00e4rjestett\u00e4vist\u00e4 seminaareista ja aktiviteeteista on saatavilla osoitteessa&nbsp;<a href=\"https:\/\/eur01.safelinks.protection.outlook.com\/?url=https%3A%2F%2Fkista-mobility-day.confetti.events%2F&amp;data=05%7C01%7Cpetra.dalunde%40kista.com%7C9dabf78ea6674ea31c9408da43509649%7Cf482e803ebcc46ce8971a61020804d8a%7C0%7C0%7C637896310639533015%7CUnknown%7CTWFpbGZsb3d8eyJWIjoiMC4wLjAwMDAiLCJQIjoiV2luMzIiLCJBTiI6Ik1haWwiLCJXVCI6Mn0%3D%7C3000%7C%7C%7C&amp;sdata=LSijrR8vzShKdWQWQ5klMW4JYWIhqVT02Toi0IfDtgI%3D&amp;reserved=0\" target=\"_blank\" rel=\"noreferrer noopener\">katso aikataulu.<\/a><\/p>\n\n\n\n<p>Voit my\u00f6s tutustua tarkemmin suoraan verkkosivustolla:&nbsp;<a href=\"https:\/\/kista-mobility-day.confetti.events\/\" target=\"_blank\" rel=\"noreferrer noopener\">https:\/\/kista-mobility-day.confetti.events\/<\/a>.<br><\/p>\n\n\n\n<h2 class=\"wp-block-heading has-text-align-center\"><br><br>Toivottavasti n\u00e4emme sinut siell\u00e4!<\/h2>\n\n\n\n<p class=\"has-text-align-center\">Jos sinulla on kysytt\u00e4v\u00e4\u00e4, l\u00e4het\u00e4 meille s\u00e4hk\u00f6postia osoitteeseen&nbsp;<a href=\"mailto:info@bumbeelabs.com\">info@bumbeelabs.com<\/a><\/p>\n\n\n\n<p><\/p>","protected":false},"excerpt":{"rendered":"<p>On Thursday June 9th, 2022 Bumbee Labs will be exhibiting at the Kista Mobility Day. The event is hosted by Kista Science Data, who work to create a sustainable future with the help of technology. They work with innovative companies, academia, authorities and citizens. At Kista Mobility Day, we will visualize new solutions available already [&hellip;]<\/p>\n","protected":false},"author":3,"featured_media":1603,"comment_status":"closed","ping_status":"closed","sticky":false,"template":"","format":"standard","meta":{"footnotes":""},"categories":[15],"tags":[],"class_list":["post-1602","post","type-post","status-publish","format-standard","has-post-thumbnail","hentry","category-news"],"_links":{"self":[{"href":"https:\/\/bumbeelabs.com\/fi\/wp-json\/wp\/v2\/posts\/1602","targetHints":{"allow":["GET"]}}],"collection":[{"href":"https:\/\/bumbeelabs.com\/fi\/wp-json\/wp\/v2\/posts"}],"about":[{"href":"https:\/\/bumbeelabs.com\/fi\/wp-json\/wp\/v2\/types\/post"}],"author":[{"embeddable":true,"href":"https:\/\/bumbeelabs.com\/fi\/wp-json\/wp\/v2\/users\/3"}],"replies":[{"embeddable":true,"href":"https:\/\/bumbeelabs.com\/fi\/wp-json\/wp\/v2\/comments?post=1602"}],"version-history":[{"count":3,"href":"https:\/\/bumbeelabs.com\/fi\/wp-json\/wp\/v2\/posts\/1602\/revisions"}],"predecessor-version":[{"id":1821,"href":"https:\/\/bumbeelabs.com\/fi\/wp-json\/wp\/v2\/posts\/1602\/revisions\/1821"}],"wp:featuredmedia":[{"embeddable":true,"href":"https:\/\/bumbeelabs.com\/fi\/wp-json\/wp\/v2\/media\/1603"}],"wp:attachment":[{"href":"https:\/\/bumbeelabs.com\/fi\/wp-json\/wp\/v2\/media?parent=1602"}],"wp:term":[{"taxonomy":"category","embeddable":true,"href":"https:\/\/bumbeelabs.com\/fi\/wp-json\/wp\/v2\/categories?post=1602"},{"taxonomy":"post_tag","embeddable":true,"href":"https:\/\/bumbeelabs.com\/fi\/wp-json\/wp\/v2\/tags?post=1602"}],"curies":[{"name":"wp","href":"https:\/\/api.w.org\/{rel}","templated":true}]}}