{"id":1533,"date":"2018-07-11T09:44:00","date_gmt":"2018-07-11T09:44:00","guid":{"rendered":"https:\/\/bumbeelabs.com\/?p=1533"},"modified":"2025-12-05T14:51:45","modified_gmt":"2025-12-05T14:51:45","slug":"besoken-fortsatter-att-oka-till-vasteras-city","status":"publish","type":"post","link":"https:\/\/bumbeelabs.com\/de\/besoken-fortsatter-att-oka-till-vasteras-city\/","title":{"rendered":"Bes\u00f6ken forts\u00e4tter att \u00f6ka till V\u00e4ster\u00e5s City!"},"content":{"rendered":"<p><strong>Under flera \u00e5r har antalet bes\u00f6kare \u00f6kat i stadsk\u00e4rnan. 2018 \u00e4r hittills inget undantag.&nbsp;<\/strong><strong>F\u00f6rsta halvan av \u00e5ret summeras med ytterligare drygt 5 % \u00f6kning mot fjol\u00e5rets rekord\u00e5r. Hela 208 833 antal personer bes\u00f6ker i snitt city per vecka.<\/strong><\/p>\n\n\n\n<p>Till skillnad mot tidigare \u00e5r var det under vintern och tidiga v\u00e5ren st\u00f6rre variationer mellan veckor och dagar \u00e4n tidigare. Med stor \u00f6kning vissa veckor och tapp mot fjol\u00e5r andra veckor.<br><\/p>\n\n\n\n<p>In den Monaten April und Herbst haben sich die Preise stabilisiert, und wir freuen uns, wenn wir unter den verschiedenen Angeboten die besten Preise finden. Vi kan se att v\u00e5ra gemensamma satsningar p\u00e5 stadsmilj\u00f6n som tex julbelysning och \u00e4ven st\u00f6rre gemensamma evenemang och marknadsf\u00f6ringsinsatser ger resultat p\u00e5 stadens gator.<\/p>\n\n\n\n<p>- V\u00e4ster\u00e5s City ist ein starker Handelsplatz, der alles bietet, was das Herz begehrt und die Menschen, die hier leben, gl\u00fccklich macht. H\u00e4r samsas butiker med ett fantastiskt utbud av caf\u00e9er, restauranger, kultur i alla dess former, n\u00f6jen och alla service och tj\u00e4nstef\u00f6retag du kan t\u00e4nka dig. Personal \u00e4r p\u00e5 t\u00e5 och ger ett bem\u00f6tande i v\u00e4rldsklass. Vi har haft det p\u00e5 k\u00e4nn, nu \u00e4r det h\u00e4rligt att f\u00e5 bekr\u00e4ftelse p\u00e5 att vi \u00e4r p\u00e5 r\u00e4tt v\u00e4g och att v\u00e5rt gemensamma arbete ger resultat, s\u00e4ger Maria Fors VD p\u00e5 V\u00e4ster\u00e5s Citysamverkan.<\/p>\n\n\n\n<p>V\u00e5ra st\u00f6rre evenemang under v\u00e5ren som tex tjejkv\u00e4llen \u00f6kade mot redan tidigare rekordsiffror.V\u00e4ster\u00e5s Cityfestival slog bes\u00f6ksrekord igen f\u00f6r tredje \u00e5ret i rad och \u00e5rets nykomling, eventet p\u00e5 Stora torget under V\u00e4ster\u00e5s Summer Meet d\u00e4r vi visade VM-matchen mellan England och Sverige fyllde stadsk\u00e4rnans stora torg till bredden av gulkl\u00e4dda V\u00e4ster\u00e5sare.<\/p>\n\n\n\n<p><strong>Tjejkv\u00e4llen:<\/strong>\u00a0+ 8% (45 549 Personen)<br><strong>V\u00e4ster\u00e5s Stadtfest<\/strong>: +12% (212 305 Personer)<br><strong>Englandsmatchen p\u00e5 Stora torget<\/strong>: j\u00e4mf\u00f6rt mot samma l\u00f6rdag f\u00f6reg\u00e5ende \u00e5r 7\/7 +51% (5 254 personer)<br><\/p>\n\n\n\n<p><em>Alf Westerdahl von V\u00e4ster\u00e5s Marknad och N\u00e4ringsliv bef\u00e4ster:<\/em><\/p>\n\n\n\n<p>- H\u00e4rligt att vi \u00e5terigen sl\u00e5r bes\u00f6ksrekord under V\u00e4ster\u00e5s Cityfestival. Tack V\u00e4ster\u00e5sare och andra bes\u00f6kare som g\u00f6r festivalen s\u00e5 bra! I \u00e5r bes\u00f6ktes festivalen av dryga 212 000 personer under tre dagar och det allra b\u00e4sta \u00e4r att V\u00e4ster\u00e5sarna verkligen bj\u00f6d upp till dans framf\u00f6r artisterna. Det h\u00e4r g\u00f6r att artisterna verkligen trivs och vill komma tillbaka. Flera artister vittnar om att vi \u00e4r en av Sveriges b\u00e4sta stadsfestivaler! (Kanske tom den b\u00e4sta \ud83d\ude09 )<\/p>\n\n\n\n<p>- Under Englandsmatchen fylldes hela stora torget av gulkl\u00e4dda V\u00e4ster\u00e5sare. 5 254 personer hade lystrat till v\u00e5r uppmaning om att se p\u00e5 matchen tillsammans. M\u00e5nga var kl\u00e4dda i gult. I Ryssland finns den \u201dgula v\u00e4ggen\u201d H\u00e4r i V\u00e4ster\u00e5s ville vi ha \u201dGula torget\u201d. Tack V\u00e4ster\u00e5s!<\/p>\n\n\n\n<p><strong>Bumbee Labs m\u00e4ter bes\u00f6ksfl\u00f6den<\/strong>&nbsp;um anonyme WiFi-Signaler in intelligenten Mobilfunktelefonen zu nutzen und um Ger\u00e4te f\u00fcr den Einsatz in verschiedenen Umgebungen zu erwerben. Bumbee Labs m\u00e4tningar g\u00f6rs anonymiserat, inte p\u00e5 individniv\u00e5 och m\u00e4tmetoden \u00e4r ensam i sitt slag att ha ett godk\u00e4nnande fr\u00e5n Datainspektionen.<\/p>\n\n\n\n<p><strong>Pressekontakt: Maria Fors, VD, V\u00e4ster\u00e5s Citysamverkan,<br>070-532 53 30,&nbsp;<a href=\"mailto:maria.fors@vasterascity.com\">maria.fors@vasterascity.com<\/a><\/strong><\/p>\n\n\n\n<p><strong>Alf Westerdahl, V\u00e4ster\u00e5s Marknad och N\u00e4ringsliv,<br>070-5775755,&nbsp;<a href=\"mailto:alf.westerdahl@vasteras.se\">alf.westerdahl@vasteras.se<\/a><\/strong><\/p>\n\n\n\n<p><strong>Karl Samuelsson, CEO, Bumbee Labs,<br>070-7588971,&nbsp;<a href=\"mailto:karl.samuelsson@bumbeelabs.se\">karl.samuelsson@bumbeelabs.se<\/a><\/strong><\/p>\n\n\n\n<h3 class=\"wp-block-heading\"><br>\u00c4mnen<\/h3>\n\n\n\n<ul class=\"wp-block-list\">\n<li><a href=\"https:\/\/www.mynewsdesk.com\/se\/vasterascity\/subjects\/konst-kultur-underhaallning\" target=\"_blank\" rel=\"noreferrer noopener\">Konst, kultur, underh\u00e5llning<\/a><\/li>\n\n\n\n<li><a href=\"https:\/\/www.mynewsdesk.com\/se\/vasterascity\/subjects\/sport\" target=\"_blank\" rel=\"noreferrer noopener\">Sport<\/a><\/li>\n\n\n\n<li><a href=\"https:\/\/www.mynewsdesk.com\/se\/vasterascity\/subjects\/livsstil-mode-fritid\" target=\"_blank\" rel=\"noreferrer noopener\">Livsstil, Mode, Fritid<\/a><\/li>\n\n\n\n<li><a href=\"https:\/\/www.mynewsdesk.com\/se\/vasterascity\/subjects\/turism\" target=\"_blank\" rel=\"noreferrer noopener\">Fremdenverkehr<\/a><\/li>\n\n\n\n<li><a href=\"https:\/\/www.mynewsdesk.com\/se\/vasterascity\/subjects\/detaljhandel\" target=\"_blank\" rel=\"noreferrer noopener\">Detaljhandel<\/a><\/li>\n\n\n\n<li><a href=\"https:\/\/www.mynewsdesk.com\/se\/vasterascity\/subjects\/mat-dryck\" target=\"_blank\" rel=\"noreferrer noopener\">Matte, Dryck<\/a><\/li>\n\n\n\n<li><a href=\"https:\/\/www.mynewsdesk.com\/se\/vasterascity\/subjects\/undersoekningar-rapporter\" target=\"_blank\" rel=\"noreferrer noopener\">Unters\u00f6kningar, Berichterstatter<\/a><\/li>\n<\/ul>\n\n\n\n<h3 class=\"wp-block-heading\"><br>Regioner<\/h3>\n\n\n\n<ul class=\"wp-block-list\">\n<li><a href=\"https:\/\/www.mynewsdesk.com\/se\/vasterascity\/regions\/vaesteraas\" target=\"_blank\" rel=\"noreferrer noopener\">V\u00e4ster\u00e5s<\/a><br><\/li>\n<\/ul>\n\n\n\n<p><\/p>\n\n\n\n<hr class=\"wp-block-separator has-alpha-channel-opacity\"\/>\n\n\n\n<p><br><em>\u201dTillsammans genomf\u00f6r nu m\u00e5nga goda krafter i v\u00e5r stad en m\u00e4ngd sm\u00e5 och stora projekt f\u00f6r att utveckla centrala V\u00e4ster\u00e5s. Das Ziel ist es, eine Stadt zu schaffen, in der alle Menschen die M\u00f6glichkeit haben, zu leben, zu arbeiten und zu wohnen. Es gibt mehr M\u00e4laren, gr\u00f6nt och sk\u00f6nt. Det ska bli mera aktiviteter, liv och r\u00f6relse. Det ska bli Sveriges b\u00e4sta city.\u201d<\/em><\/p>\n\n\n\n<figure class=\"wp-block-image size-large\"><img decoding=\"async\" src=\"https:\/\/mnd-assets.mynewsdesk.com\/image\/upload\/t_next_gen_logo_limit_x2\/nh9dwwt4nfuqkwqpsrzy.jpg\" alt=\"V\u00e4ster\u00e5s Citysamverkan AB \" style=\"aspect-ratio:1\"\/><\/figure>","protected":false},"excerpt":{"rendered":"<p>Under flera \u00e5r har antalet bes\u00f6kare \u00f6kat i stadsk\u00e4rnan. 2018 \u00e4r hittills inget undantag.&nbsp;F\u00f6rsta halvan av \u00e5ret summeras med ytterligare drygt 5 % \u00f6kning mot fjol\u00e5rets rekord\u00e5r. Hela 208 833 antal personer bes\u00f6ker i snitt city per vecka. Till skillnad mot tidigare \u00e5r var det under vintern och tidiga v\u00e5ren st\u00f6rre variationer mellan veckor och [&hellip;]<\/p>\n","protected":false},"author":3,"featured_media":1536,"comment_status":"closed","ping_status":"closed","sticky":false,"template":"","format":"standard","meta":{"footnotes":""},"categories":[14],"tags":[],"class_list":["post-1533","post","type-post","status-publish","format-standard","has-post-thumbnail","hentry","category-featured-in"],"_links":{"self":[{"href":"https:\/\/bumbeelabs.com\/de\/wp-json\/wp\/v2\/posts\/1533","targetHints":{"allow":["GET"]}}],"collection":[{"href":"https:\/\/bumbeelabs.com\/de\/wp-json\/wp\/v2\/posts"}],"about":[{"href":"https:\/\/bumbeelabs.com\/de\/wp-json\/wp\/v2\/types\/post"}],"author":[{"embeddable":true,"href":"https:\/\/bumbeelabs.com\/de\/wp-json\/wp\/v2\/users\/3"}],"replies":[{"embeddable":true,"href":"https:\/\/bumbeelabs.com\/de\/wp-json\/wp\/v2\/comments?post=1533"}],"version-history":[{"count":5,"href":"https:\/\/bumbeelabs.com\/de\/wp-json\/wp\/v2\/posts\/1533\/revisions"}],"predecessor-version":[{"id":1539,"href":"https:\/\/bumbeelabs.com\/de\/wp-json\/wp\/v2\/posts\/1533\/revisions\/1539"}],"wp:featuredmedia":[{"embeddable":true,"href":"https:\/\/bumbeelabs.com\/de\/wp-json\/wp\/v2\/media\/1536"}],"wp:attachment":[{"href":"https:\/\/bumbeelabs.com\/de\/wp-json\/wp\/v2\/media?parent=1533"}],"wp:term":[{"taxonomy":"category","embeddable":true,"href":"https:\/\/bumbeelabs.com\/de\/wp-json\/wp\/v2\/categories?post=1533"},{"taxonomy":"post_tag","embeddable":true,"href":"https:\/\/bumbeelabs.com\/de\/wp-json\/wp\/v2\/tags?post=1533"}],"curies":[{"name":"wp","href":"https:\/\/api.w.org\/{rel}","templated":true}]}}