{"id":1629,"date":"2022-11-10T14:10:00","date_gmt":"2022-11-10T14:10:00","guid":{"rendered":"https:\/\/bumbeelabs.com\/?p=1629"},"modified":"2026-03-11T10:41:55","modified_gmt":"2026-03-11T10:41:55","slug":"bumbee-labs-udnaevner-ny-administrerende-direktor","status":"publish","type":"post","link":"https:\/\/bumbeelabs.com\/da\/bumbee-labs-appoints-new-ceo\/","title":{"rendered":"Bumbee Labs udn\u00e6vner ny CEO"},"content":{"rendered":"<h3 class=\"wp-block-heading\">Bestyrelsen er glad for at kunne meddele, at Magnus Johansson, tidligere administrerende direkt\u00f8r for COOP Sverige, overtager posten som administrerende direkt\u00f8r for Bumbee Labs.&nbsp;<\/h3>\n\n\n\n<p>\u201cMagnus bliver en vigtig drivkraft for virksomheden i vores kommende v\u00e6kstfase\u201d, siger bestyrelsesformand Eirik Lunde. \u201cHans store erfaring og netv\u00e6rk inden for detailbranchen kombineret med hans lederskab og teambuilding-evner g\u00f8r ham til et perfekt match for Bumbee Labs\u201d.<\/p>\n\n\n\n<p>Magnus forlod COOP Sverige tidligere i \u00e5r efter fem succesfulde \u00e5r med at lede detailk\u00e6den gennem en digitaliseringsproces. \u201cJeg er virkelig begejstret for den intelligens, der ligger i produktet, og som giver os mulighed for at levere uvurderlig viden og KPI'er til virksomheder og organisationer, der \u00f8nsker at skabe v\u00e6kst, overskud og kundetilfredshed. Det kan virkelig v\u00e6re en game-changer i branchen og s\u00e6tte en ny industristandard.\u201d<\/p>\n\n\n\n<p>Om at skifte tempo fra at lede en stor virksomhed med tusindvis af ansatte siger han: \u201cMin erfaring i 2022 med at arbejde med sm\u00e5 tech-startups, hvor h\u00f8jt motiverede, dygtige og ofte unge mennesker i mindre teams bygger virksomheder og med h\u00f8j hastighed l\u00f8ser problemer, har imponeret mig. Bumbee Labs har gjort det samme indtryk p\u00e5 mig, og jeg ser frem til at arbejde sammen med teamet og tage virksomheden til n\u00e6ste niveau.\u201d<\/p>\n\n\n\n<p>Med stort fokus p\u00e5 detailkunder som en hovedkilde til v\u00e6kst tilf\u00f8jer rekrutteringen af Magnus Johansson med mange \u00e5rs CEO-stillinger i store svenske virksomheder ikke kun generelle ledelseskompetencer og erfaring, men ogs\u00e5 banebrydende viden og indsigt i detailbranchen.<\/p>\n\n\n\n<p><strong>Magnus vil ogs\u00e5 deltage i kapitalbordet som investor.&nbsp;<\/strong><\/p>\n\n\n\n<p>\u201cDe enorme muligheder med produktet og den sp\u00e6ndende rejse, som Bumbee Labs skal ud p\u00e5, samtidig med at jeg fik mulighed for at g\u00e5 ind som investor, gjorde det nemt for mig at sige ja til stillingen som administrerende direkt\u00f8r for virksomheden.<em>.\u201d<\/em><\/p>\n\n\n\n<p>Bumbee Labs\u2019 grundl\u00e6gger Staffan Liljestrand siger: \u201cMagnus har virkelig imponeret mig med sin intelligente tankegang og store forst\u00e5else for vores produkt, og jeg er sikker p\u00e5, at hans energi og erfaring er pr\u00e6cis, hvad virksomheden har brug for. Det er tydeligt, at han vil begynde at tilf\u00f8re virksomheden v\u00e6rdi fra dag \u00e9t, og hans erfaring inden for detailbranchen vil v\u00e6re en stor hj\u00e6lp for os, n\u00e5r vi forts\u00e6tter med at opbygge virksomheden.\u201d<\/p>\n\n\n\n<blockquote class=\"wp-block-quote is-layout-flow wp-block-quote-is-layout-flow\">\n<p><\/p>\n<\/blockquote>\n\n\n\n<blockquote class=\"wp-block-quote is-layout-flow wp-block-quote-is-layout-flow\">\n<p><\/p>\n<\/blockquote>\n\n\n\n<blockquote class=\"wp-block-quote is-layout-flow wp-block-quote-is-layout-flow\">\n<p><\/p>\n<\/blockquote>\n\n\n\n<h3 class=\"wp-block-heading\"><strong>Om Bumbee Labs<\/strong><\/h3>\n\n\n\n<p>Bumbee Labs er verdens f\u00f8rende inden for fodg\u00e6ngerdata og -analyse. Data om bes\u00f8gsstr\u00f8mme indsamles anonymt ved hj\u00e6lp af Wi-Fi-signaler i smarte mobiltelefoner. Metoden er unik, fordi den er den eneste GDPR-kompatible virksomhed i dataindsamlingsbranchen med en godkendelse fra en europ\u00e6isk domstol. Bumbee Labs samarbejder med partnere over hele verden om at levere data til offentlig transport, indk\u00f8bscentre, kontorer, detailhandel og bycentre. Bumbee Labs blev etableret i 2011 i Stockholm, Sverige. F\u00e5 mere at vide p\u00e5&nbsp;<a href=\"https:\/\/bumbeelabs.com\/da\/\" target=\"_blank\" rel=\"noopener noreferrer nofollow\">www.bumbeelabs.com<\/a>. F\u00f8lg os p\u00e5&nbsp;<a href=\"https:\/\/www.linkedin.com\/company\/6381617\/admin\/\" target=\"_blank\" rel=\"noreferrer noopener\">LinkedIn<\/a>.<\/p>\n\n\n\n<figure class=\"wp-block-image size-large\"><img fetchpriority=\"high\" decoding=\"async\" width=\"1024\" height=\"538\" src=\"http:\/\/bumbeelabs.com\/wp-content\/uploads\/2025\/12\/IMG_7344-scaled-e1655095690668-1-1024x538.jpg\" alt=\"\" class=\"wp-image-1609\" title=\"IMG_7344\" srcset=\"https:\/\/bumbeelabs.com\/wp-content\/uploads\/2025\/12\/IMG_7344-scaled-e1655095690668-1-1024x538.jpg 1024w, https:\/\/bumbeelabs.com\/wp-content\/uploads\/2025\/12\/IMG_7344-scaled-e1655095690668-1-300x158.jpg 300w, https:\/\/bumbeelabs.com\/wp-content\/uploads\/2025\/12\/IMG_7344-scaled-e1655095690668-1-768x403.jpg 768w, https:\/\/bumbeelabs.com\/wp-content\/uploads\/2025\/12\/IMG_7344-scaled-e1655095690668-1-1536x806.jpg 1536w, https:\/\/bumbeelabs.com\/wp-content\/uploads\/2025\/12\/IMG_7344-scaled-e1655095690668-1-2048x1075.jpg 2048w\" sizes=\"(max-width: 1024px) 100vw, 1024px\" \/><\/figure>\n\n\n\n<h4 class=\"wp-block-heading has-text-align-center\"><strong>For mere information, kontakt venligst:<\/strong><\/h4>\n\n\n\n<p class=\"has-text-align-center\"><strong>Bumbee Labs AB:<\/strong><\/p>\n\n\n\n<p class=\"has-text-align-center\">Staffan Liljestrand, grundl\u00e6gger,&nbsp;<br><a href=\"mailto:karl.samuelsson@bumbeelabs.se\">staffan.liljestrand@bumbeelabs.se<\/a><\/p>\n\n\n\n<h4 class=\"wp-block-heading has-text-align-center\"><strong>For salg og partnerskaber, kontakt venligst:&nbsp;<\/strong><\/h4>\n\n\n\n<p class=\"has-text-align-center\"><strong>Bumbee Labs AB:&nbsp;<\/strong><\/p>\n\n\n\n<p class=\"has-text-align-center\">Urban Emson, salgsdirekt\u00f8r,<br><a href=\"mailto:amanda.herzog@bumbeelabs.se\">urban.emson@bumbeelabs.se<\/a><\/p>\n\n\n\n<p><\/p>","protected":false},"excerpt":{"rendered":"<p>The board of Directors are happy to announce that&nbsp;Magnus Johansson, former CEO of COOP Sweden, will&nbsp;take over as CEO of Bumbee Labs.&nbsp; \u201cMagnus will be a key driver for the company in our coming growth phase\u201d, says chairman Eirik Lunde. \u201cHis vast experience and network within the retail industry, combined with his leadership and team-building [&hellip;]<\/p>\n","protected":false},"author":3,"featured_media":4067,"comment_status":"closed","ping_status":"closed","sticky":false,"template":"","format":"standard","meta":{"footnotes":""},"categories":[15],"tags":[],"class_list":["post-1629","post","type-post","status-publish","format-standard","has-post-thumbnail","hentry","category-news"],"_links":{"self":[{"href":"https:\/\/bumbeelabs.com\/da\/wp-json\/wp\/v2\/posts\/1629","targetHints":{"allow":["GET"]}}],"collection":[{"href":"https:\/\/bumbeelabs.com\/da\/wp-json\/wp\/v2\/posts"}],"about":[{"href":"https:\/\/bumbeelabs.com\/da\/wp-json\/wp\/v2\/types\/post"}],"author":[{"embeddable":true,"href":"https:\/\/bumbeelabs.com\/da\/wp-json\/wp\/v2\/users\/3"}],"replies":[{"embeddable":true,"href":"https:\/\/bumbeelabs.com\/da\/wp-json\/wp\/v2\/comments?post=1629"}],"version-history":[{"count":2,"href":"https:\/\/bumbeelabs.com\/da\/wp-json\/wp\/v2\/posts\/1629\/revisions"}],"predecessor-version":[{"id":1792,"href":"https:\/\/bumbeelabs.com\/da\/wp-json\/wp\/v2\/posts\/1629\/revisions\/1792"}],"wp:featuredmedia":[{"embeddable":true,"href":"https:\/\/bumbeelabs.com\/da\/wp-json\/wp\/v2\/media\/4067"}],"wp:attachment":[{"href":"https:\/\/bumbeelabs.com\/da\/wp-json\/wp\/v2\/media?parent=1629"}],"wp:term":[{"taxonomy":"category","embeddable":true,"href":"https:\/\/bumbeelabs.com\/da\/wp-json\/wp\/v2\/categories?post=1629"},{"taxonomy":"post_tag","embeddable":true,"href":"https:\/\/bumbeelabs.com\/da\/wp-json\/wp\/v2\/tags?post=1629"}],"curies":[{"name":"wp","href":"https:\/\/api.w.org\/{rel}","templated":true}]}}