{"id":1533,"date":"2018-07-11T09:44:00","date_gmt":"2018-07-11T09:44:00","guid":{"rendered":"https:\/\/bumbeelabs.com\/?p=1533"},"modified":"2025-12-05T14:51:45","modified_gmt":"2025-12-05T14:51:45","slug":"besoken-fortsatter-att-oka-till-vasteras-city","status":"publish","type":"post","link":"https:\/\/bumbeelabs.com\/da\/besoken-fortsatter-att-oka-till-vasteras-city\/","title":{"rendered":"Bes\u00f6ken forts\u00e4tter att \u00f6ka till V\u00e4ster\u00e5s City!"},"content":{"rendered":"<p><strong>Under flere \u00e5r er antallet af bes\u00f8gende steget i byen. 2018 er indtil videre intet undtagelse.&nbsp;<\/strong><strong>F\u00f8rste halvdel af \u00e5rets sommer med yderligere ca. 5 % stigning mod fjol\u00e5rets rekord\u00e5r. Hele 208 833 antal personer bes\u00f8ger i snitt city per vecka.<\/strong><\/p>\n\n\n\n<p>Til forskel fra tidligere \u00e5r var det under vinteren og tidlige for\u00e5r st\u00f8rre variationer mellem uger og dage end tidligere. Med stor \u00f6kning vissa veckor och tapp mot fjol\u00e5r andra veckor.<br><\/p>\n\n\n\n<p>Under v\u00e5ren, fr\u00e5n april och fram\u00e5t har niv\u00e5erna stabiliserats och vi \u00e4r glada \u00f6ver att se \u00f6kningar i stort sett under varje vecka. Vi kan se, at vores f\u00e6lles satsninger p\u00e5 stadsmilj\u00f6n som f.eks. julebelysning og ogs\u00e5 st\u00f8rre f\u00e6lles arrangementer og markedsf\u00f8ringsindsatser giver resultat p\u00e5 byens gator.<\/p>\n\n\n\n<p>- V\u00e4ster\u00e5s City er en st\u00e6rk handelsplads, som ogs\u00e5 mere og mere bliver det hjem og m\u00f8dested for V\u00e4ster\u00e5sere og bes\u00f8gende, som vi vil v\u00e6re. Her samsas butikker med et fantastisk udbud af caf\u00e9er, restauranter, kultur i alle dens former, n\u00f6jen og alle service- og tj\u00e4nstef\u00f6retag du kan t\u00e4nka dig. Personalet er p\u00e5 t\u00e5 og giver et bem\u00f6tande i verdensklasse. Vi har haft det p\u00e5 k\u00e4nn, nu \u00e4r det h\u00e4rligt att f\u00e5 bekr\u00e4ftelse p\u00e5 att vi \u00e4r p\u00e5 r\u00e4tt v\u00e4g och att v\u00e5rt gemensamma arbete ger resultat, s\u00e4ger Maria Fors VD p\u00e5 V\u00e4ster\u00e5s Citysamverkan.<\/p>\n\n\n\n<p>V\u00e5ra st\u00f6rre evenemang under v\u00e5ren som tex tjejkv\u00e4llen \u00f6kade mot redan tidigare rekordsiffror.V\u00e4ster\u00e5s Cityfestival slog bes\u00f6ksrekord igen for tredje \u00e5ret i rad og \u00e5rets nykomling, eventet p\u00e5 Stora torget under V\u00e4ster\u00e5s Summer Meet d\u00e4r vi visade VM-matchen mellan England och Sverige fyllde stadsk\u00e4rnans stora torg till bredden av gulkl\u00e4dda V\u00e4ster\u00e5sare.<\/p>\n\n\n\n<p><strong>Tjejkv\u00e4llen:<\/strong>\u00a0+ 8% (45 549 personer)<br><strong>V\u00e4ster\u00e5s Cityfestival<\/strong>: +12% (212 305 personer)<br><strong>Englandsmatchen p\u00e5 Stora torget<\/strong>: j\u00e4mf\u00f6rt mot samma l\u00f6rdag f\u00f6reg\u00e5ende \u00e5r 7\/7 +51% (5 254 personer)<br><\/p>\n\n\n\n<p><em>Alf Westerdahl fra V\u00e4ster\u00e5s Marknad och N\u00e4ringsliv bef\u00e4ster:<\/em><\/p>\n\n\n\n<p>- Herligt at vi \u00e5terigen sl\u00e5r bes\u00f6ksrekord under V\u00e4ster\u00e5s Cityfestival. Tak V\u00e4ster\u00e5sare och andra bes\u00f6kare som g\u00f6r festivalen s\u00e5 bra! I \u00e5r bes\u00f8ger 212.000 personer festivalen under tre dage, og det allerbedste er at V\u00e4ster\u00e5sarna verkligen bj\u00f6d upp till dans framf\u00f6r artisterna. Det her g\u00f8r, at kunstnerne virkelig trivs og vil komme tilbage. Flere kunstnere vidner om, at vi er en af Sveriges bedste byfestivaler! (M\u00e5ske tom den bedste \ud83d\ude09)<\/p>\n\n\n\n<p>- Under Englandsmatchen fylldes hela stora torget av gulkl\u00e4dda V\u00e4ster\u00e5sare. 5 254 personer havde bedt os om at se p\u00e5 kampen sammen. Mange var kl\u00e4dda i gult. I Ryssland findes den \u201dgula v\u00e4ggen\u201d Her i V\u00e4ster\u00e5s ville vi have \u201dGula torget\u201d. Tak V\u00e4ster\u00e5s!<\/p>\n\n\n\n<p><strong>Bumbee Labs m\u00e4ter bes\u00f6ksfl\u00f6den<\/strong>&nbsp;for at f\u00e5 anonymiserede WiFi-signaler i smarte mobiltelefoner og kan lave m\u00e5linger i b\u00e5de udend\u00f8rs- og indend\u00f8rsmilj\u00f8er. Bumbee Labs m\u00e5linger sker anonymt, ikke p\u00e5 individniveau og m\u00e5lemetoden er alene i sit slag for at have et godkendelse fra Datainspektionen.<\/p>\n\n\n\n<p><strong>Pressekontakt: Maria Fors, VD, V\u00e4ster\u00e5s Citysamverkan,<br>070-532 53 30,&nbsp;<a href=\"mailto:maria.fors@vasterascity.com\">maria.fors@vasterascity.com<\/a><\/strong><\/p>\n\n\n\n<p><strong>Alf Westerdahl, V\u00e4ster\u00e5s Marknad och N\u00e4ringsliv,<br>070-5775755,&nbsp;<a href=\"mailto:alf.westerdahl@vasteras.se\">alf.westerdahl@vasteras.se<\/a><\/strong><\/p>\n\n\n\n<p><strong>Karl Samuelsson, administrerende direkt\u00f8r, Bumbee Labs,<br>070-7588971,&nbsp;<a href=\"mailto:karl.samuelsson@bumbeelabs.se\">karl.samuelsson@bumbeelabs.se<\/a><\/strong><\/p>\n\n\n\n<h3 class=\"wp-block-heading\"><br>\u00c4mnen<\/h3>\n\n\n\n<ul class=\"wp-block-list\">\n<li><a href=\"https:\/\/www.mynewsdesk.com\/se\/vasterascity\/subjects\/konst-kultur-underhaallning\" target=\"_blank\" rel=\"noreferrer noopener\">Konst, kultur, underholdning<\/a><\/li>\n\n\n\n<li><a href=\"https:\/\/www.mynewsdesk.com\/se\/vasterascity\/subjects\/sport\" target=\"_blank\" rel=\"noreferrer noopener\">Sport<\/a><\/li>\n\n\n\n<li><a href=\"https:\/\/www.mynewsdesk.com\/se\/vasterascity\/subjects\/livsstil-mode-fritid\" target=\"_blank\" rel=\"noreferrer noopener\">Livsstil, mode, fritid<\/a><\/li>\n\n\n\n<li><a href=\"https:\/\/www.mynewsdesk.com\/se\/vasterascity\/subjects\/turism\" target=\"_blank\" rel=\"noreferrer noopener\">Turisme<\/a><\/li>\n\n\n\n<li><a href=\"https:\/\/www.mynewsdesk.com\/se\/vasterascity\/subjects\/detaljhandel\" target=\"_blank\" rel=\"noreferrer noopener\">Detailhandel<\/a><\/li>\n\n\n\n<li><a href=\"https:\/\/www.mynewsdesk.com\/se\/vasterascity\/subjects\/mat-dryck\" target=\"_blank\" rel=\"noreferrer noopener\">M\u00e5tte, dryck<\/a><\/li>\n\n\n\n<li><a href=\"https:\/\/www.mynewsdesk.com\/se\/vasterascity\/subjects\/undersoekningar-rapporter\" target=\"_blank\" rel=\"noreferrer noopener\">Unders\u00f8gelser, rapporter<\/a><\/li>\n<\/ul>\n\n\n\n<h3 class=\"wp-block-heading\"><br>Regioner<\/h3>\n\n\n\n<ul class=\"wp-block-list\">\n<li><a href=\"https:\/\/www.mynewsdesk.com\/se\/vasterascity\/regions\/vaesteraas\" target=\"_blank\" rel=\"noreferrer noopener\">V\u00e4ster\u00e5s<\/a><br><\/li>\n<\/ul>\n\n\n\n<p><\/p>\n\n\n\n<hr class=\"wp-block-separator has-alpha-channel-opacity\"\/>\n\n\n\n<p><br><em>\u201dTillsammans genomf\u00f6r nu m\u00e5nga goda krafter i v\u00e5r stad en m\u00e4ngd sm\u00e5 och stora projekt f\u00f6r att utveckla centrala V\u00e4ster\u00e5s. M\u00e5let er at skabe en bykerne, hvor vi alle har st\u00f8rre chancer for at trives, m\u00f8des og nyde livet. Det skal blive mere M\u00e4laren, gr\u00f6nt och sk\u00f6nt. Det skal blive mere aktiviteter, liv og bev\u00e6gelse. Det skal blive Sveriges bedste by.\u201d<\/em><\/p>\n\n\n\n<figure class=\"wp-block-image size-large\"><img decoding=\"async\" src=\"https:\/\/mnd-assets.mynewsdesk.com\/image\/upload\/t_next_gen_logo_limit_x2\/nh9dwwt4nfuqkwqpsrzy.jpg\" alt=\"V\u00e4ster\u00e5s Citysamverkan AB \" style=\"aspect-ratio:1\"\/><\/figure>","protected":false},"excerpt":{"rendered":"<p>Under flera \u00e5r har antalet bes\u00f6kare \u00f6kat i stadsk\u00e4rnan. 2018 \u00e4r hittills inget undantag.&nbsp;F\u00f6rsta halvan av \u00e5ret summeras med ytterligare drygt 5 % \u00f6kning mot fjol\u00e5rets rekord\u00e5r. Hela 208 833 antal personer bes\u00f6ker i snitt city per vecka. Till skillnad mot tidigare \u00e5r var det under vintern och tidiga v\u00e5ren st\u00f6rre variationer mellan veckor och [&hellip;]<\/p>\n","protected":false},"author":3,"featured_media":1536,"comment_status":"closed","ping_status":"closed","sticky":false,"template":"","format":"standard","meta":{"footnotes":""},"categories":[14],"tags":[],"class_list":["post-1533","post","type-post","status-publish","format-standard","has-post-thumbnail","hentry","category-featured-in"],"_links":{"self":[{"href":"https:\/\/bumbeelabs.com\/da\/wp-json\/wp\/v2\/posts\/1533","targetHints":{"allow":["GET"]}}],"collection":[{"href":"https:\/\/bumbeelabs.com\/da\/wp-json\/wp\/v2\/posts"}],"about":[{"href":"https:\/\/bumbeelabs.com\/da\/wp-json\/wp\/v2\/types\/post"}],"author":[{"embeddable":true,"href":"https:\/\/bumbeelabs.com\/da\/wp-json\/wp\/v2\/users\/3"}],"replies":[{"embeddable":true,"href":"https:\/\/bumbeelabs.com\/da\/wp-json\/wp\/v2\/comments?post=1533"}],"version-history":[{"count":5,"href":"https:\/\/bumbeelabs.com\/da\/wp-json\/wp\/v2\/posts\/1533\/revisions"}],"predecessor-version":[{"id":1539,"href":"https:\/\/bumbeelabs.com\/da\/wp-json\/wp\/v2\/posts\/1533\/revisions\/1539"}],"wp:featuredmedia":[{"embeddable":true,"href":"https:\/\/bumbeelabs.com\/da\/wp-json\/wp\/v2\/media\/1536"}],"wp:attachment":[{"href":"https:\/\/bumbeelabs.com\/da\/wp-json\/wp\/v2\/media?parent=1533"}],"wp:term":[{"taxonomy":"category","embeddable":true,"href":"https:\/\/bumbeelabs.com\/da\/wp-json\/wp\/v2\/categories?post=1533"},{"taxonomy":"post_tag","embeddable":true,"href":"https:\/\/bumbeelabs.com\/da\/wp-json\/wp\/v2\/tags?post=1533"}],"curies":[{"name":"wp","href":"https:\/\/api.w.org\/{rel}","templated":true}]}}